{"id":977,"date":"2025-02-26T10:42:55","date_gmt":"2025-02-26T09:42:55","guid":{"rendered":"https:\/\/convergences.snasub.fr\/?p=977"},"modified":"2025-02-26T10:43:40","modified_gmt":"2025-02-26T09:43:40","slug":"conseil-commun-de-la-fonction-publique-en-presence-du-ministre-marcangeli","status":"publish","type":"post","link":"https:\/\/convergences.snasub.fr\/index.php\/2025\/02\/26\/conseil-commun-de-la-fonction-publique-en-presence-du-ministre-marcangeli\/","title":{"rendered":"Conseil commun de la fonction publique en pr\u00e9sence du ministre Marcangeli\u2026"},"content":{"rendered":"\n<p>Le mardi 11 f\u00e9vrier, le CCFP \u00e9tait r\u00e9uni en pr\u00e9sence du ministre de la fonction publique, Laurent Marcangeli. <strong>L\u2019occasion pour les repr\u00e9sentant.es de la FSU d\u2019y porter les revendications<\/strong> \u00e0 l\u2019aide d\u2019une d\u00e9claration liminaire. Extraits.<\/p>\n\n\n\n<p><strong>\u00ab\u00a0Le 5 d\u00e9cembre dernier, \u00e0 l\u2019appel de presque toutes les organisations syndicales de la fonction publique,<\/strong> les personnels \u00e9taient massivement en gr\u00e8ve et manifestaient en grand nombre notamment pour rejeter les mesures brutales que votre pr\u00e9d\u00e9cesseur voulait infliger \u00e0 tous les personnels. Malgr\u00e9 le d\u00e9ficit de reconnaissance qui s\u2019aggrave, les agentes et agents publics assurent tous les jours leurs fonctions pour r\u00e9aliser le service public et ses missions d\u2019int\u00e9r\u00eat g\u00e9n\u00e9ral. Ils et elles n\u2019acceptent pas d\u2019\u00eatre punis lorsqu\u2019ils sont malades \u2026\/\u2026<\/p>\n\n\n\n<p><strong>Au sujet de l\u2019ordre du jour, certes, l\u2019allongement de la dur\u00e9e de carence a \u00e9t\u00e9 abandonn\u00e9.<\/strong> La FSU l\u2019avait fermement demand\u00e9 et elle continue de demander l\u2019abrogation de la journ\u00e9e instaur\u00e9e en 2018, mesure aussi injuste que stigmatisante.<\/p>\n\n\n\n<p><strong>Mais le gouvernement a choisi, Monsieur le Ministre, de conserver la r\u00e9duction \u00e0 90\u00a0%<\/strong> de la r\u00e9mun\u00e9ration maintenue les trois premiers mois en cas de cong\u00e9 maladie. Pour la FSU c\u2019est inacceptable\u00a0! \u2026\/\u2026<\/p>\n\n\n\n<p><strong>La FSU tient aussi \u00e0 vous r\u00e9affirmer que la politique de r\u00e9mun\u00e9ration men\u00e9es depuis 2017<\/strong> n\u2019est autre qu\u2019une politique de d\u00e9valorisation des m\u00e9tiers et des carri\u00e8res de la fonction publique, de refus dogmatique de reconna\u00eetre le travail et l\u2019investissement des personnels. Le choix de d\u00e9velopper les r\u00e9mun\u00e9rations individuelles et les primes est en outre un facteur suppl\u00e9mentaire d\u2019in\u00e9galit\u00e9 entre les femmes et les hommes. Et pendant ce temps, des choix fiscaux et budg\u00e9taires n\u2019en finissent pas d\u2019enrichir les plus riches\u00a0!<\/p>\n\n\n\n<p><strong>2024 a \u00e9t\u00e9 une ann\u00e9e blanche alors que l\u2019inflation a fait d\u00e9crocher les r\u00e9mun\u00e9rations des agent\u00b7es publics.<\/strong> La politique salariale men\u00e9e est si honteuse que le gouvernement pr\u00e9f\u00e8re casser le thermom\u00e8tre que constitue la GIPA plut\u00f4t que de s\u2019atteler \u00e0 engager les mesures g\u00e9n\u00e9rales d\u2019urgence, voire de sauvetage que constitueraient la revalorisation du point d\u2019indice et l\u2019attribution uniforme de points sur l\u2019ensemble de la grille indiciaire, et plus globalement de revaloriser l\u2019ensemble des carri\u00e8res et des r\u00e9mun\u00e9rations.<\/p>\n\n\n\n<p>(\u2026) <strong>la FSU revendique une loi de Finances rectificative,<\/strong> abrogeant l\u2019amputation de 10\u00a0% de la r\u00e9mun\u00e9ration en cas de maladie, pr\u00e9voyant les mesures salariales d\u2019urgence pour r\u00e9pondre \u00e0 la situation de d\u00e9crochage des r\u00e9mun\u00e9rations de la fonction publique, permettant de verser la GIPA pour 2024, et d\u2019engager une programmation pluriannuelle de revalorisation des carri\u00e8res et de cr\u00e9ation d\u2019emplois \u00e0 la hauteur des besoins.<\/p>\n<div class=\"seriesmeta\">Cet article est la rubrique 5 sur 15 du Convergences <a href=\"https:\/\/convergences.snasub.fr\/index.php\/series\/n-304-fevrier-2025\/\" class=\"series-72\" title=\"N\u00b0 304 \u2014 F\u00e9vrier 2025\">N\u00b0 304 \u2014 F\u00e9vrier 2025<\/a><\/div>  <br>","protected":false},"excerpt":{"rendered":"<p>Le mardi 11 f\u00e9vrier, le CCFP \u00e9tait r\u00e9uni en pr\u00e9sence du ministre de la fonction publique, Laurent Marcangeli. L\u2019occasion pour les repr\u00e9sentant.es de la FSU d\u2019y porter les revendications \u00e0 l\u2019aide d\u2019une d\u00e9claration liminaire. Extraits. \u00ab\u00a0Le 5 d\u00e9cembre dernier, \u00e0 l\u2019appel de presque toutes les organisations syndicales de la fonction publique, les personnels \u00e9taient massivement [&hellip;]<\/p>\n<div class=\"seriesmeta\">Cet article est la rubrique 5 de 15 du Convergences <a href=\"https:\/\/convergences.snasub.fr\/index.php\/series\/n-304-fevrier-2025\/\" class=\"series-72\" title=\"N\u00b0 304 \u2014 F\u00e9vrier 2025\">N\u00b0 304 \u2014 F\u00e9vrier 2025<\/a><\/div>  <br>","protected":false},"author":1,"featured_media":0,"comment_status":"closed","ping_status":"open","sticky":false,"template":"","format":"standard","meta":{"ocean_post_layout":"","ocean_both_sidebars_style":"","ocean_both_sidebars_content_width":0,"ocean_both_sidebars_sidebars_width":0,"ocean_sidebar":"","ocean_second_sidebar":"","ocean_disable_margins":"enable","ocean_add_body_class":"","ocean_shortcode_before_top_bar":"","ocean_shortcode_after_top_bar":"","ocean_shortcode_before_header":"","ocean_shortcode_after_header":"","ocean_has_shortcode":"","ocean_shortcode_after_title":"","ocean_shortcode_before_footer_widgets":"","ocean_shortcode_after_footer_widgets":"","ocean_shortcode_before_footer_bottom":"","ocean_shortcode_after_footer_bottom":"","ocean_display_top_bar":"default","ocean_display_header":"default","ocean_header_style":"","ocean_center_header_left_menu":"","ocean_custom_header_template":"","ocean_custom_logo":0,"ocean_custom_retina_logo":0,"ocean_custom_logo_max_width":0,"ocean_custom_logo_tablet_max_width":0,"ocean_custom_logo_mobile_max_width":0,"ocean_custom_logo_max_height":0,"ocean_custom_logo_tablet_max_height":0,"ocean_custom_logo_mobile_max_height":0,"ocean_header_custom_menu":"","ocean_menu_typo_font_family":"","ocean_menu_typo_font_subset":"","ocean_menu_typo_font_size":0,"ocean_menu_typo_font_size_tablet":0,"ocean_menu_typo_font_size_mobile":0,"ocean_menu_typo_font_size_unit":"px","ocean_menu_typo_font_weight":"","ocean_menu_typo_font_weight_tablet":"","ocean_menu_typo_font_weight_mobile":"","ocean_menu_typo_transform":"","ocean_menu_typo_transform_tablet":"","ocean_menu_typo_transform_mobile":"","ocean_menu_typo_line_height":0,"ocean_menu_typo_line_height_tablet":0,"ocean_menu_typo_line_height_mobile":0,"ocean_menu_typo_line_height_unit":"","ocean_menu_typo_spacing":0,"ocean_menu_typo_spacing_tablet":0,"ocean_menu_typo_spacing_mobile":0,"ocean_menu_typo_spacing_unit":"","ocean_menu_link_color":"","ocean_menu_link_color_hover":"","ocean_menu_link_color_active":"","ocean_menu_link_background":"","ocean_menu_link_hover_background":"","ocean_menu_link_active_background":"","ocean_menu_social_links_bg":"","ocean_menu_social_hover_links_bg":"","ocean_menu_social_links_color":"","ocean_menu_social_hover_links_color":"","ocean_disable_title":"default","ocean_disable_heading":"default","ocean_post_title":"","ocean_post_subheading":"","ocean_post_title_style":"","ocean_post_title_background_color":"","ocean_post_title_background":0,"ocean_post_title_bg_image_position":"","ocean_post_title_bg_image_attachment":"","ocean_post_title_bg_image_repeat":"","ocean_post_title_bg_image_size":"","ocean_post_title_height":0,"ocean_post_title_bg_overlay":0.5,"ocean_post_title_bg_overlay_color":"","ocean_disable_breadcrumbs":"default","ocean_breadcrumbs_color":"","ocean_breadcrumbs_separator_color":"","ocean_breadcrumbs_links_color":"","ocean_breadcrumbs_links_hover_color":"","ocean_display_footer_widgets":"default","ocean_display_footer_bottom":"default","ocean_custom_footer_template":"","ocean_post_oembed":"","ocean_post_self_hosted_media":"","ocean_post_video_embed":"","ocean_link_format":"","ocean_link_format_target":"self","ocean_quote_format":"","ocean_quote_format_link":"post","ocean_gallery_link_images":"on","ocean_gallery_id":[],"footnotes":""},"categories":[71,3],"tags":[],"series":[72],"post_folder":[],"class_list":["post-977","post","type-post","status-publish","format-standard","hentry","category-304-fevrier-2025","category-actualites","series-n-304-fevrier-2025","entry"],"_links":{"self":[{"href":"https:\/\/convergences.snasub.fr\/index.php\/wp-json\/wp\/v2\/posts\/977","targetHints":{"allow":["GET"]}}],"collection":[{"href":"https:\/\/convergences.snasub.fr\/index.php\/wp-json\/wp\/v2\/posts"}],"about":[{"href":"https:\/\/convergences.snasub.fr\/index.php\/wp-json\/wp\/v2\/types\/post"}],"author":[{"embeddable":true,"href":"https:\/\/convergences.snasub.fr\/index.php\/wp-json\/wp\/v2\/users\/1"}],"replies":[{"embeddable":true,"href":"https:\/\/convergences.snasub.fr\/index.php\/wp-json\/wp\/v2\/comments?post=977"}],"version-history":[{"count":1,"href":"https:\/\/convergences.snasub.fr\/index.php\/wp-json\/wp\/v2\/posts\/977\/revisions"}],"predecessor-version":[{"id":978,"href":"https:\/\/convergences.snasub.fr\/index.php\/wp-json\/wp\/v2\/posts\/977\/revisions\/978"}],"wp:attachment":[{"href":"https:\/\/convergences.snasub.fr\/index.php\/wp-json\/wp\/v2\/media?parent=977"}],"wp:term":[{"taxonomy":"category","embeddable":true,"href":"https:\/\/convergences.snasub.fr\/index.php\/wp-json\/wp\/v2\/categories?post=977"},{"taxonomy":"post_tag","embeddable":true,"href":"https:\/\/convergences.snasub.fr\/index.php\/wp-json\/wp\/v2\/tags?post=977"},{"taxonomy":"series","embeddable":true,"href":"https:\/\/convergences.snasub.fr\/index.php\/wp-json\/wp\/v2\/series?post=977"},{"taxonomy":"post_folder","embeddable":true,"href":"https:\/\/convergences.snasub.fr\/index.php\/wp-json\/wp\/v2\/post_folder?post=977"}],"curies":[{"name":"wp","href":"https:\/\/api.w.org\/{rel}","templated":true}]}}