{"id":909,"date":"2025-01-30T10:22:54","date_gmt":"2025-01-30T09:22:54","guid":{"rendered":"https:\/\/convergences.snasub.fr\/?p=909"},"modified":"2025-01-30T10:22:54","modified_gmt":"2025-01-30T09:22:54","slug":"mayotte-solidarite","status":"publish","type":"post","link":"https:\/\/convergences.snasub.fr\/index.php\/2025\/01\/30\/mayotte-solidarite\/","title":{"rendered":"Mayotte, solidarit\u00e9\u00a0!"},"content":{"rendered":"\n<p>Nous publions ci-dessous dans ce num\u00e9ro de janvier les extraits d\u2019un texte r\u00e9dig\u00e9 par nos camarades du SNASUB-FSU Mayotte en pr\u00e9paration de la r\u00e9union minist\u00e9rielle du 9 janvier dernier, qui a r\u00e9uni la ministre Elisabeth Borne et les organisations syndicales repr\u00e9sentatives, dont la FSU et le SNASUB-FSU.<\/p>\n\n\n\n<p>Depuis, \u00e9videmment, le cyclone et ses cons\u00e9quences ont \u00e9t\u00e9 suivis par la temp\u00eate tropicale DIKELEDI.<br>L\u2019occasion pour nous d\u2019exprimer ici toute notre solidarit\u00e9 pleine et enti\u00e8re avec l\u2019ensemble des habitant\u00b7es de ce d\u00e9partement, avec l\u2019ensemble des personnels de nos champs professionnels en g\u00e9n\u00e9ral et avec l\u2019ensemble de nos camarades syndiqu\u00e9\u00b7es en particulier.<\/p>\n\n\n\n<hr class=\"wp-block-separator has-alpha-channel-opacity\"\/>\n\n\n\n<blockquote class=\"wp-block-quote is-layout-flow wp-block-quote-is-layout-flow\">\n<p>Le 14&nbsp;d\u00e9cembre 2024, CHIDO le cyclone le plus d\u00e9vastateur que la zone de l\u2019oc\u00e9an Indien n\u2019a jamais connu, a frapp\u00e9 Mayotte de plein fouet. Toute la population a \u00e9t\u00e9 fortement touch\u00e9e sur tous les plans&nbsp;: mat\u00e9riels, sant\u00e9\u2026 Le nombre de bless\u00e9.es et de pertes humaines d\u00e9passe plusieurs milliers.<\/p>\n\n\n\n<p>Le cyclone CHIDO n\u2019a fait que mettre en lumi\u00e8re les nombreuses difficult\u00e9s de l\u2019\u00eele.<\/p>\n\n\n\n<p>En effet, le d\u00e9partement accumule depuis dix ans des nombreuses crises de plus en insoutenables pour sa population (forte immigration clandestine, manque d\u2019eau potable, ins\u00e9curit\u00e9, etc..) et aucune n\u2019a \u00e9t\u00e9 r\u00e9solue d\u2019une mani\u00e8re p\u00e9renne\u2009; l\u2019\u00c9tat a eu des r\u00e9ponses d\u2019urgence de courte dur\u00e9e.<\/p>\n\n\n\n<p>Hormis les d\u00e9g\u00e2ts mat\u00e9riels consid\u00e9rables, CHIDO est un d\u00e9sastre \u00e9cologique, environnemental sans pr\u00e9c\u00e9dent. Toute la for\u00eat comme tout autre v\u00e9g\u00e9tal a \u00e9t\u00e9 diss\u00e9min\u00e9e lors de son passage sur environ 95&nbsp;% du territoire. Des \u00e9cosyst\u00e8mes animal et v\u00e9g\u00e9tal commencent \u00e0 disparaitre, comme les makis, un des embl\u00e8mes de Mayotte (l\u00e9muriens) dont les cadavres se comptent par milliers chaque jour. Mais d\u00e9j\u00e0 avant le cyclone, on \u00e9tait rythm\u00e9 par tours d\u2019eau de deux jours sur trois. Les mahorais.es vont subir une grande p\u00e9riode de famine et de s\u00e8cheresse pendant plusieurs ann\u00e9es aggrav\u00e9es par le r\u00e9chauffement climatique.<\/p>\n\n\n\n<p>Suite \u00e0 ce premier constat, le SNASUB-FSU Mayotte demande de vraies r\u00e9ponses par rapport \u00e0 l\u2019environnement, mais surtout&nbsp;:<\/p>\n\n\n\n<ul class=\"wp-block-list\">\n<li>La construction urgente d\u2019une usine de dessalement d\u2019une capacit\u00e9 de production importante (soixante mille m\u00e8tres cubes d\u2019eau par jour minimum)\u2009;<\/li>\n\n\n\n<li>Un plan de reboisement de la for\u00eat primaire\u2009;<\/li>\n\n\n\n<li>Un bilan des \u00e9cosyst\u00e8mes disparus\u2009;<\/li>\n\n\n\n<li>Un plan de sauvegarde des esp\u00e8ces d\u2019animaux et v\u00e9g\u00e9taux end\u00e9miques.<\/li>\n<\/ul>\n\n\n\n<p>Plus de 70&nbsp;% des \u00e9tablissements scolaires sont endommag\u00e9s. Le cyclone a arrach\u00e9 les toitures, bris\u00e9 les murs, broy\u00e9 les cl\u00f4tures. Des c\u00e2bles \u00e9lectriques pendent \u00e0 m\u00eame le sol, le mat\u00e9riel informatique est d\u00e9truit\u2026 Avant m\u00eame le cyclone, les conditions de travail \u00e9taient extr\u00eamement difficiles, notamment&nbsp;:<\/p>\n\n\n\n<ul class=\"wp-block-list\">\n<li>Des \u00e9tablissements scolaires de la maternelle au lyc\u00e9e surpeupl\u00e9\u2009;<\/li>\n\n\n\n<li>Surcharges de travail des agents administratifs et techniques\u2009;<\/li>\n\n\n\n<li>M\u00e9pris de l\u2019administration envers les agents\u2009;<\/li>\n\n\n\n<li>Aucune reconnaissance du travail fourni (prime CIA attribu\u00e9e selon le bon vouloir du chef d\u2019\u00e9tablissement)\u2009;<\/li>\n\n\n\n<li>Pas d\u2019accompagnement ni de formation des agents sur la r\u00e9alit\u00e9 du terrain\u2009;<\/li>\n\n\n\n<li>Des sup\u00e9rieurs hi\u00e9rarchiques qui profitent de la fragilit\u00e9 des contractuels (qui repr\u00e9sentent 70&nbsp;% des ATAOSS).<\/li>\n<\/ul>\n\n\n\n<p>\u00c0 partir du 15&nbsp;d\u00e9cembre 2024 le rapatriement a \u00e9t\u00e9 mise en place pour les coll\u00e8gues afin de retrouver leur famille, car ils ont tout perdu comme pour toute la population et nombreux ne reviendront plus ou une fois que nous aurions reconstruit notre d\u00e9partement. Une aide de 2000&nbsp;\u20ac a \u00e9t\u00e9 vers\u00e9e aux agents de l\u2019\u00e9ducation nationale r\u00e9mun\u00e9r\u00e9.es \u00e0 l\u2019indice nouveau major\u00e9 inf\u00e9rieur ou \u00e9gal \u00e0 448. Force est de constater que la majorit\u00e9 des administratifs l\u2019ont re\u00e7u, car nous sommes sont la cat\u00e9gorie la plus d\u00e9favoris\u00e9e en termes de salaires dans l\u2019\u00e9ducation nationale.<\/p>\n\n\n\n<p>De ce deuxi\u00e8me constat, le SNASUB-FSU demande&nbsp;:<\/p>\n\n\n\n<ul class=\"wp-block-list\">\n<li>Le renouvellement du versement de l\u2019aide pour tous les agent\u00b7es du rectorat pendant trois mois\u2009;<\/li>\n\n\n\n<li>L\u2019alignement de l\u2019indexation \u00e0 53&nbsp;% \u00e0 celui de La r\u00e9union\u2009;<\/li>\n\n\n\n<li>Le reclassement de tous les \u00e9tablissements scolaires de l\u2019\u00eele en zone d\u2019\u00e9ducation prioritaire<\/li>\n\n\n\n<li>Un plan de p\u00e9rennisation et d\u2019attractivit\u00e9 de l\u2019emploi local\u2009;<\/li>\n\n\n\n<li>La stabilit\u00e9 des emplois locaux\u2009;<\/li>\n\n\n\n<li>Mettre un terme \u00e0 la diff\u00e9rentiation des emplois r\u00e9sidents et non r\u00e9sidents\u2009;<\/li>\n\n\n\n<li>Un traitement \u00e9galitaire des personnels\u2009;<\/li>\n\n\n\n<li>Un plan de construction des \u00e9coles aux normes tropicales\u2009;<\/li>\n\n\n\n<li>Le d\u00e9ploiement du r\u00e9seau Wi-Fi et de la fibre dans les services acad\u00e9miques et EPLE\u2009;<\/li>\n\n\n\n<li>Un plan de titularisation massif des agents non titulaires\u2009;<\/li>\n\n\n\n<li>Faciliter le retour des agent\u00b7es suite \u00e0 une mutation interacad\u00e9mique<\/li>\n<\/ul>\n\n\n\n<p>Malgr\u00e9 les circonstances tragiques, les camarades ont d\u00e9j\u00e0 repris le travail alors qu\u2019ils n\u2019ont plus de toit pour certains, toujours pas d\u2019eau au robinet, pas d\u2019\u00e9lectricit\u00e9, de nourritures. Les aides commencent \u00e0 arriver pour les plus d\u00e9munies, mais toute la population est dans la m\u00eame situation.<\/p>\n\n\n\n<p>C\u2019est maintenant qu\u2019il faudrait agir par des mesures concr\u00e8tes, adapt\u00e9es et d\u00e9finitives. Les Mahorais ont besoin de votre soutien, madame la ministre et d\u2019investissement \u00e0 la hauteur des d\u00e9fis qui nous attendent.<\/p>\n\n\n\n<p>Veuillez croire, Madame, \u00e0 notre sinc\u00e8re respect.<\/p>\n\n\n\n<p class=\"has-text-align-right\"><em>Le secr\u00e9taire acad\u00e9mique du SNASUB-FSU Mayotte<\/em><\/p>\n<\/blockquote>\n\n\n\n<hr class=\"wp-block-separator has-alpha-channel-opacity\"\/>\n\n\n\n<p><a href=\"https:\/\/soutenir.solidarite-laique.org\/urgence_mayotte\" data-type=\"link\" data-id=\"https:\/\/soutenir.solidarite-laique.org\/urgence_mayotte\" target=\"_blank\" rel=\"noreferrer noopener\">Au-del\u00e0 de la n\u00e9cessit\u00e9 d\u2019une reconstruction durable sous la pleine responsabilit\u00e9 de l\u2019\u00c9tat, les besoins imm\u00e9diats sont immenses. Pour aider les populations locales, vous pouvez donner \u00e0 Solidarit\u00e9 La\u00efque.<\/a><\/p>\n\n\n\n<figure class=\"wp-block-image size-large\"><a href=\"https:\/\/soutenir.solidarite-laique.org\/urgence_mayotte\" target=\"_blank\" rel=\" noreferrer noopener\"><img loading=\"lazy\" decoding=\"async\" width=\"1024\" height=\"401\" src=\"http:\/\/convergences.snasub.fr\/wp-content\/uploads\/2025\/01\/SolidariteLaiqueMayotte-1024x401.png\" alt=\"\" class=\"wp-image-917\" srcset=\"https:\/\/convergences.snasub.fr\/wp-content\/uploads\/2025\/01\/SolidariteLaiqueMayotte-1024x401.png 1024w, https:\/\/convergences.snasub.fr\/wp-content\/uploads\/2025\/01\/SolidariteLaiqueMayotte-300x117.png 300w, https:\/\/convergences.snasub.fr\/wp-content\/uploads\/2025\/01\/SolidariteLaiqueMayotte-768x301.png 768w, https:\/\/convergences.snasub.fr\/wp-content\/uploads\/2025\/01\/SolidariteLaiqueMayotte-1536x601.png 1536w, https:\/\/convergences.snasub.fr\/wp-content\/uploads\/2025\/01\/SolidariteLaiqueMayotte.png 1714w\" sizes=\"auto, (max-width: 1024px) 100vw, 1024px\" \/><\/a><\/figure>\n<div class=\"seriesmeta\">Cet article est la rubrique 9 sur 16 du Convergences <a href=\"https:\/\/convergences.snasub.fr\/index.php\/series\/n-303-janvier-2025\/\" class=\"series-61\" title=\"N\u00b0 303 \u2014 Janvier 2025\">N\u00b0 303 \u2014 Janvier 2025<\/a><\/div>  <br>","protected":false},"excerpt":{"rendered":"<p>Nous publions ci-dessous dans ce num\u00e9ro de janvier les extraits d\u2019un texte r\u00e9dig\u00e9 par nos camarades du SNASUB-FSU Mayotte en pr\u00e9paration de la r\u00e9union minist\u00e9rielle du 9 janvier dernier, qui a r\u00e9uni la ministre Elisabeth Borne et les organisations syndicales repr\u00e9sentatives, dont la FSU et le SNASUB-FSU. Depuis, \u00e9videmment, le cyclone et ses cons\u00e9quences ont [&hellip;]<\/p>\n<div class=\"seriesmeta\">Cet article est la rubrique 9 de 16 du Convergences <a href=\"https:\/\/convergences.snasub.fr\/index.php\/series\/n-303-janvier-2025\/\" class=\"series-61\" title=\"N\u00b0 303 \u2014 Janvier 2025\">N\u00b0 303 \u2014 Janvier 2025<\/a><\/div>  <br>","protected":false},"author":1,"featured_media":0,"comment_status":"closed","ping_status":"open","sticky":false,"template":"","format":"standard","meta":{"ocean_post_layout":"","ocean_both_sidebars_style":"","ocean_both_sidebars_content_width":0,"ocean_both_sidebars_sidebars_width":0,"ocean_sidebar":"","ocean_second_sidebar":"","ocean_disable_margins":"enable","ocean_add_body_class":"","ocean_shortcode_before_top_bar":"","ocean_shortcode_after_top_bar":"","ocean_shortcode_before_header":"","ocean_shortcode_after_header":"","ocean_has_shortcode":"","ocean_shortcode_after_title":"","ocean_shortcode_before_footer_widgets":"","ocean_shortcode_after_footer_widgets":"","ocean_shortcode_before_footer_bottom":"","ocean_shortcode_after_footer_bottom":"","ocean_display_top_bar":"default","ocean_display_header":"default","ocean_header_style":"","ocean_center_header_left_menu":"","ocean_custom_header_template":"","ocean_custom_logo":0,"ocean_custom_retina_logo":0,"ocean_custom_logo_max_width":0,"ocean_custom_logo_tablet_max_width":0,"ocean_custom_logo_mobile_max_width":0,"ocean_custom_logo_max_height":0,"ocean_custom_logo_tablet_max_height":0,"ocean_custom_logo_mobile_max_height":0,"ocean_header_custom_menu":"","ocean_menu_typo_font_family":"","ocean_menu_typo_font_subset":"","ocean_menu_typo_font_size":0,"ocean_menu_typo_font_size_tablet":0,"ocean_menu_typo_font_size_mobile":0,"ocean_menu_typo_font_size_unit":"px","ocean_menu_typo_font_weight":"","ocean_menu_typo_font_weight_tablet":"","ocean_menu_typo_font_weight_mobile":"","ocean_menu_typo_transform":"","ocean_menu_typo_transform_tablet":"","ocean_menu_typo_transform_mobile":"","ocean_menu_typo_line_height":0,"ocean_menu_typo_line_height_tablet":0,"ocean_menu_typo_line_height_mobile":0,"ocean_menu_typo_line_height_unit":"","ocean_menu_typo_spacing":0,"ocean_menu_typo_spacing_tablet":0,"ocean_menu_typo_spacing_mobile":0,"ocean_menu_typo_spacing_unit":"","ocean_menu_link_color":"","ocean_menu_link_color_hover":"","ocean_menu_link_color_active":"","ocean_menu_link_background":"","ocean_menu_link_hover_background":"","ocean_menu_link_active_background":"","ocean_menu_social_links_bg":"","ocean_menu_social_hover_links_bg":"","ocean_menu_social_links_color":"","ocean_menu_social_hover_links_color":"","ocean_disable_title":"default","ocean_disable_heading":"default","ocean_post_title":"","ocean_post_subheading":"","ocean_post_title_style":"","ocean_post_title_background_color":"","ocean_post_title_background":0,"ocean_post_title_bg_image_position":"","ocean_post_title_bg_image_attachment":"","ocean_post_title_bg_image_repeat":"","ocean_post_title_bg_image_size":"","ocean_post_title_height":0,"ocean_post_title_bg_overlay":0.5,"ocean_post_title_bg_overlay_color":"","ocean_disable_breadcrumbs":"default","ocean_breadcrumbs_color":"","ocean_breadcrumbs_separator_color":"","ocean_breadcrumbs_links_color":"","ocean_breadcrumbs_links_hover_color":"","ocean_display_footer_widgets":"default","ocean_display_footer_bottom":"default","ocean_custom_footer_template":"","ocean_post_oembed":"","ocean_post_self_hosted_media":"","ocean_post_video_embed":"","ocean_link_format":"","ocean_link_format_target":"self","ocean_quote_format":"","ocean_quote_format_link":"post","ocean_gallery_link_images":"on","ocean_gallery_id":[],"footnotes":""},"categories":[62,3],"tags":[],"series":[61],"post_folder":[],"class_list":["post-909","post","type-post","status-publish","format-standard","hentry","category-303-janvier-2025","category-actualites","series-n-303-janvier-2025","entry"],"_links":{"self":[{"href":"https:\/\/convergences.snasub.fr\/index.php\/wp-json\/wp\/v2\/posts\/909","targetHints":{"allow":["GET"]}}],"collection":[{"href":"https:\/\/convergences.snasub.fr\/index.php\/wp-json\/wp\/v2\/posts"}],"about":[{"href":"https:\/\/convergences.snasub.fr\/index.php\/wp-json\/wp\/v2\/types\/post"}],"author":[{"embeddable":true,"href":"https:\/\/convergences.snasub.fr\/index.php\/wp-json\/wp\/v2\/users\/1"}],"replies":[{"embeddable":true,"href":"https:\/\/convergences.snasub.fr\/index.php\/wp-json\/wp\/v2\/comments?post=909"}],"version-history":[{"count":6,"href":"https:\/\/convergences.snasub.fr\/index.php\/wp-json\/wp\/v2\/posts\/909\/revisions"}],"predecessor-version":[{"id":918,"href":"https:\/\/convergences.snasub.fr\/index.php\/wp-json\/wp\/v2\/posts\/909\/revisions\/918"}],"wp:attachment":[{"href":"https:\/\/convergences.snasub.fr\/index.php\/wp-json\/wp\/v2\/media?parent=909"}],"wp:term":[{"taxonomy":"category","embeddable":true,"href":"https:\/\/convergences.snasub.fr\/index.php\/wp-json\/wp\/v2\/categories?post=909"},{"taxonomy":"post_tag","embeddable":true,"href":"https:\/\/convergences.snasub.fr\/index.php\/wp-json\/wp\/v2\/tags?post=909"},{"taxonomy":"series","embeddable":true,"href":"https:\/\/convergences.snasub.fr\/index.php\/wp-json\/wp\/v2\/series?post=909"},{"taxonomy":"post_folder","embeddable":true,"href":"https:\/\/convergences.snasub.fr\/index.php\/wp-json\/wp\/v2\/post_folder?post=909"}],"curies":[{"name":"wp","href":"https:\/\/api.w.org\/{rel}","templated":true}]}}