{"id":856,"date":"2025-01-30T10:21:58","date_gmt":"2025-01-30T09:21:58","guid":{"rendered":"https:\/\/convergences.snasub.fr\/?p=856"},"modified":"2025-01-30T10:22:54","modified_gmt":"2025-01-30T09:22:54","slug":"informations-generales-5","status":"publish","type":"post","link":"https:\/\/convergences.snasub.fr\/index.php\/2025\/01\/30\/informations-generales-5\/","title":{"rendered":"Informations g\u00e9n\u00e9rales"},"content":{"rendered":"\n<h2 class=\"wp-block-heading\">Inflation en d\u00e9cembre 2024<\/h2>\n\n\n\n<p>Avec 1,3&nbsp;% de hausse des prix sur 2024, le reflux de l\u2019inflation se confirme en France. Sur l\u2019ensemble de l\u2019ann\u00e9e, l\u2019inflation s\u2019est \u00e9lev\u00e9e \u00e0 1,3&nbsp;%, apr\u00e8s 5,9&nbsp;% en 2022 et 4,9&nbsp;% en 2023. La d\u00e9sinflation devrait se poursuivre en 2025. Une premi\u00e8re cons\u00e9quence concr\u00e8te sera la baisse du taux du Livret A. Les prix des services, qui repr\u00e9sentent plus de la moiti\u00e9 du panier de consommation des m\u00e9nages, ont augment\u00e9 de 2,3&nbsp;% sur un an, comme en novembre. Ceux du tabac ont pris 8,7&nbsp;%, stables \u00e9galement sur un an par rapport au mois pr\u00e9c\u00e9dent.<\/p>\n\n\n\n<hr class=\"wp-block-separator has-alpha-channel-opacity is-style-dots\"\/>\n\n\n\n<h2 class=\"wp-block-heading\">Revalorisation des retraites de 2,2&nbsp;% au 1er&nbsp;janvier 2025<\/h2>\n\n\n\n<p>Les retraites de base seront revaloris\u00e9es de 2,2&nbsp;% au 1\u1d49\u02b3&nbsp;janvier 2025, \u00e0 hauteur de l\u2019inflation. Cette \u00e9volution r\u00e9sulte de la motion de censure vot\u00e9e contre le Gouvernement le 4&nbsp;d\u00e9cembre 2024. Le budget&nbsp;2025 de la S\u00e9curit\u00e9 sociale n\u2019ayant pas \u00e9t\u00e9 adopt\u00e9, la r\u00e8gle classique de revalorisation des retraites inscrite dans le Code de la S\u00e9curit\u00e9 sociale s\u2019applique.<\/p>\n\n\n\n<hr class=\"wp-block-separator has-alpha-channel-opacity is-style-dots\"\/>\n\n\n\n<h2 class=\"wp-block-heading\">Nouvelle ministre<\/h2>\n\n\n\n<p>Nomm\u00e9e le 22&nbsp;d\u00e9cembre dernier, \u00c9lisabeth Borne est ministre d\u2019\u00c9tat, ministre de l\u2019\u00c9ducation nationale, de l\u2019Enseignement sup\u00e9rieur et de la Recherche. Son minist\u00e8re englobe donc les deux minist\u00e8res, auparavant distincts.<\/p>\n\n\n\n<hr class=\"wp-block-separator has-alpha-channel-opacity is-style-dots\"\/>\n\n\n\n<h2 class=\"wp-block-heading\">Nouveau ministre<\/h2>\n\n\n\n<p>Laurent Marcangeli est le nouveau ministre de la Fonction publique.<\/p>\n\n\n\n<hr class=\"wp-block-separator has-alpha-channel-opacity is-style-dots\"\/>\n\n\n\n<h2 class=\"wp-block-heading\">Concours ADJAENES et SAENES&nbsp;2025<\/h2>\n\n\n\n<p>Les inscriptions aux concours d\u00e9concentr\u00e9s de la session&nbsp;2025, adjoint administratif, adjoint administratif principal de deuxi\u00e8me classe, secr\u00e9taire administratif de classe normale et de classe sup\u00e9rieure, seront enregistr\u00e9es&nbsp;courant f\u00e9vrier-mars 2025.<\/p>\n\n\n\n<hr class=\"wp-block-separator has-alpha-channel-opacity is-style-wide\"\/>\n\n\n\n<div class=\"wp-block-group has-very-light-gray-to-cyan-bluish-gray-gradient-background has-background\"><div class=\"wp-block-group__inner-container is-layout-constrained wp-block-group-is-layout-constrained\">\n<p>Nous avons appris le d\u00e9c\u00e8s brutal de notre coll\u00e8gue et camarade \u00c9ric Guinet survenu mardi\u00a07\u00a0janvier 2025. Tous et toutes les coll\u00e8gues de la FSU sont choqu\u00e9s par ce d\u00e9c\u00e8s.<\/p>\n\n\n\n<p>\u00c9ric \u00e9tait ing\u00e9nieur d\u2019\u00c9tude au Laboratoire de Psychologie et NeuroCognition (LPNC) et il \u00e9tait \u00e9galement un pilier de l\u2019action syndicale \u00e0 l\u2019universit\u00e9 de Grenoble (UGA). Tout d\u2019abord au sein de l\u2019universit\u00e9 Pierre Mend\u00e8s-France avec la CGT, il a occup\u00e9 les mandats de Co-Secr\u00e9taire de section, a si\u00e9g\u00e9 en CPE, Comit\u00e9 Technique et Conseil d\u2019Administration. Il a ensuite particip\u00e9 activement aux combats men\u00e9s en lien avec la fusion des 3\u00a0universit\u00e9s en 2016, d\u2019abord \u00e0 la CGT puis \u00e0 la FSU qu\u2019il a rejointe en\u00a02020.<\/p>\n\n\n\n<p>\u00c9ric nous a apport\u00e9 toute son exp\u00e9rience et ses talents d\u2019organisateurs pour dynamiser le syndicat SNASUB \u00e0 l\u2019universit\u00e9 et d\u00e9velopper la section locale SNASUB-sup tout en prenant part aux activit\u00e9s syndicales acad\u00e9miques. Confirmant son engagement, c\u2019est sans grande h\u00e9sitation qu\u2019il a repris le co-secr\u00e9tariat acad\u00e9mique du SNASUB depuis juin 2024.<\/p>\n\n\n\n<p>\u00c9ric avait de tr\u00e8s belles qualit\u00e9s humaines, il \u00e9tait toujours pr\u00eat \u00e0 r\u00e9diger des tracts, organiser les r\u00e9unions, g\u00e9rer les liens avec l\u2019administration, s\u2019opposer aux d\u00e9cisions arbitraires de la pr\u00e9sidence de l\u2019UGA. Il \u00e9tait extr\u00eamement d\u00e9vou\u00e9, altruiste et \u00e0\u00a0l\u2019\u00e9coute des coll\u00e8gues, notamment ceux qui rencontraient des difficult\u00e9s. Il a pu aider \u00e9norm\u00e9ment de personnels dans leurs interrogations, leur besoin d\u2019accompagnement, de soutien face \u00e0 une situation professionnelle difficile.<\/p>\n\n\n\n<p>\u00c9ric, nous garderons toujours en m\u00e9moire ton caract\u00e8re calme et pos\u00e9 et les bons moments pass\u00e9s ensemble au syndicat, dans les manifestations et dans la vie.\u00a0<\/p>\n\n\n\n<p>C\u2019est un d\u00e9chirement pour nous, il est difficile de perdre un ami, un coll\u00e8gue de travail et un camarade des luttes syndicales. Tu as toujours \u0153uvr\u00e9 pour l\u2019int\u00e9r\u00eat g\u00e9n\u00e9ral, pour les autres et tu es parti sur la pointe des pieds, en toute discr\u00e9tion comme\u00a0d\u2019habitude\u2026. Tu vas nous laisser un tr\u00e8s grand vide mais nous essaierons de poursuivre au mieux les engagements que nous avons pris ensemble.<\/p>\n\n\n\n<p>Texte r\u00e9dig\u00e9 par les camarades de l\u2019universit\u00e9 et de la section acad\u00e9mique de Grenoble<\/p>\n<\/div><\/div>\n<div class=\"seriesmeta\">Cet article est la rubrique 2 sur 16 du Convergences <a href=\"https:\/\/convergences.snasub.fr\/index.php\/series\/n-303-janvier-2025\/\" class=\"series-61\" title=\"N\u00b0 303 \u2014 Janvier 2025\">N\u00b0 303 \u2014 Janvier 2025<\/a><\/div>  <br>","protected":false},"excerpt":{"rendered":"<p>Inflation en d\u00e9cembre 2024 Avec 1,3&nbsp;% de hausse des prix sur 2024, le reflux de l\u2019inflation se confirme en France. Sur l\u2019ensemble de l\u2019ann\u00e9e, l\u2019inflation s\u2019est \u00e9lev\u00e9e \u00e0 1,3&nbsp;%, apr\u00e8s 5,9&nbsp;% en 2022 et 4,9&nbsp;% en 2023. La d\u00e9sinflation devrait se poursuivre en 2025. Une premi\u00e8re cons\u00e9quence concr\u00e8te sera la baisse du taux du Livret [&hellip;]<\/p>\n<div class=\"seriesmeta\">Cet article est la rubrique 2 de 16 du Convergences <a href=\"https:\/\/convergences.snasub.fr\/index.php\/series\/n-303-janvier-2025\/\" class=\"series-61\" title=\"N\u00b0 303 \u2014 Janvier 2025\">N\u00b0 303 \u2014 Janvier 2025<\/a><\/div>  <br>","protected":false},"author":1,"featured_media":0,"comment_status":"closed","ping_status":"open","sticky":false,"template":"","format":"standard","meta":{"ocean_post_layout":"","ocean_both_sidebars_style":"","ocean_both_sidebars_content_width":0,"ocean_both_sidebars_sidebars_width":0,"ocean_sidebar":"","ocean_second_sidebar":"","ocean_disable_margins":"enable","ocean_add_body_class":"","ocean_shortcode_before_top_bar":"","ocean_shortcode_after_top_bar":"","ocean_shortcode_before_header":"","ocean_shortcode_after_header":"","ocean_has_shortcode":"","ocean_shortcode_after_title":"","ocean_shortcode_before_footer_widgets":"","ocean_shortcode_after_footer_widgets":"","ocean_shortcode_before_footer_bottom":"","ocean_shortcode_after_footer_bottom":"","ocean_display_top_bar":"default","ocean_display_header":"default","ocean_header_style":"","ocean_center_header_left_menu":"","ocean_custom_header_template":"","ocean_custom_logo":0,"ocean_custom_retina_logo":0,"ocean_custom_logo_max_width":0,"ocean_custom_logo_tablet_max_width":0,"ocean_custom_logo_mobile_max_width":0,"ocean_custom_logo_max_height":0,"ocean_custom_logo_tablet_max_height":0,"ocean_custom_logo_mobile_max_height":0,"ocean_header_custom_menu":"","ocean_menu_typo_font_family":"","ocean_menu_typo_font_subset":"","ocean_menu_typo_font_size":0,"ocean_menu_typo_font_size_tablet":0,"ocean_menu_typo_font_size_mobile":0,"ocean_menu_typo_font_size_unit":"px","ocean_menu_typo_font_weight":"","ocean_menu_typo_font_weight_tablet":"","ocean_menu_typo_font_weight_mobile":"","ocean_menu_typo_transform":"","ocean_menu_typo_transform_tablet":"","ocean_menu_typo_transform_mobile":"","ocean_menu_typo_line_height":0,"ocean_menu_typo_line_height_tablet":0,"ocean_menu_typo_line_height_mobile":0,"ocean_menu_typo_line_height_unit":"","ocean_menu_typo_spacing":0,"ocean_menu_typo_spacing_tablet":0,"ocean_menu_typo_spacing_mobile":0,"ocean_menu_typo_spacing_unit":"","ocean_menu_link_color":"","ocean_menu_link_color_hover":"","ocean_menu_link_color_active":"","ocean_menu_link_background":"","ocean_menu_link_hover_background":"","ocean_menu_link_active_background":"","ocean_menu_social_links_bg":"","ocean_menu_social_hover_links_bg":"","ocean_menu_social_links_color":"","ocean_menu_social_hover_links_color":"","ocean_disable_title":"default","ocean_disable_heading":"default","ocean_post_title":"","ocean_post_subheading":"","ocean_post_title_style":"","ocean_post_title_background_color":"","ocean_post_title_background":0,"ocean_post_title_bg_image_position":"","ocean_post_title_bg_image_attachment":"","ocean_post_title_bg_image_repeat":"","ocean_post_title_bg_image_size":"","ocean_post_title_height":0,"ocean_post_title_bg_overlay":0.5,"ocean_post_title_bg_overlay_color":"","ocean_disable_breadcrumbs":"default","ocean_breadcrumbs_color":"","ocean_breadcrumbs_separator_color":"","ocean_breadcrumbs_links_color":"","ocean_breadcrumbs_links_hover_color":"","ocean_display_footer_widgets":"default","ocean_display_footer_bottom":"default","ocean_custom_footer_template":"","ocean_post_oembed":"","ocean_post_self_hosted_media":"","ocean_post_video_embed":"","ocean_link_format":"","ocean_link_format_target":"self","ocean_quote_format":"","ocean_quote_format_link":"post","ocean_gallery_link_images":"on","ocean_gallery_id":[],"footnotes":""},"categories":[62,3],"tags":[],"series":[61],"post_folder":[],"class_list":["post-856","post","type-post","status-publish","format-standard","hentry","category-303-janvier-2025","category-actualites","series-n-303-janvier-2025","entry"],"_links":{"self":[{"href":"https:\/\/convergences.snasub.fr\/index.php\/wp-json\/wp\/v2\/posts\/856","targetHints":{"allow":["GET"]}}],"collection":[{"href":"https:\/\/convergences.snasub.fr\/index.php\/wp-json\/wp\/v2\/posts"}],"about":[{"href":"https:\/\/convergences.snasub.fr\/index.php\/wp-json\/wp\/v2\/types\/post"}],"author":[{"embeddable":true,"href":"https:\/\/convergences.snasub.fr\/index.php\/wp-json\/wp\/v2\/users\/1"}],"replies":[{"embeddable":true,"href":"https:\/\/convergences.snasub.fr\/index.php\/wp-json\/wp\/v2\/comments?post=856"}],"version-history":[{"count":4,"href":"https:\/\/convergences.snasub.fr\/index.php\/wp-json\/wp\/v2\/posts\/856\/revisions"}],"predecessor-version":[{"id":862,"href":"https:\/\/convergences.snasub.fr\/index.php\/wp-json\/wp\/v2\/posts\/856\/revisions\/862"}],"wp:attachment":[{"href":"https:\/\/convergences.snasub.fr\/index.php\/wp-json\/wp\/v2\/media?parent=856"}],"wp:term":[{"taxonomy":"category","embeddable":true,"href":"https:\/\/convergences.snasub.fr\/index.php\/wp-json\/wp\/v2\/categories?post=856"},{"taxonomy":"post_tag","embeddable":true,"href":"https:\/\/convergences.snasub.fr\/index.php\/wp-json\/wp\/v2\/tags?post=856"},{"taxonomy":"series","embeddable":true,"href":"https:\/\/convergences.snasub.fr\/index.php\/wp-json\/wp\/v2\/series?post=856"},{"taxonomy":"post_folder","embeddable":true,"href":"https:\/\/convergences.snasub.fr\/index.php\/wp-json\/wp\/v2\/post_folder?post=856"}],"curies":[{"name":"wp","href":"https:\/\/api.w.org\/{rel}","templated":true}]}}