{"id":817,"date":"2024-12-18T05:00:00","date_gmt":"2024-12-18T04:00:00","guid":{"rendered":"https:\/\/convergences.snasub.fr\/?p=817"},"modified":"2024-12-11T17:06:38","modified_gmt":"2024-12-11T16:06:38","slug":"canope-et-le-budget-2025-au-senat","status":"publish","type":"post","link":"https:\/\/convergences.snasub.fr\/index.php\/2024\/12\/18\/canope-et-le-budget-2025-au-senat\/","title":{"rendered":"Canop\u00e9 et le budget\u00a02025 au S\u00e9nat"},"content":{"rendered":"\n<p>Il nous a sembl\u00e9 int\u00e9ressant de publier des extraits du message envoy\u00e9 le 2\u00a0d\u00e9cembre aupr\u00e8s des personnels par la directrice g\u00e9n\u00e9rale de R\u00e9seau Canop\u00e9 qui d\u00e9non\u00e7ait par mel l\u2019amendement au projet de loi de Finances de l\u2019\u00c9tat pour 2025 d\u00e9pos\u00e9 par le s\u00e9nateur Paccaud visant \u00e0 baisser de 20\u00a0millions d\u2019euros l\u2019aide de l\u2019\u00c9tat au r\u00e9seau. Ce message fait partie des d\u00e9g\u00e2ts collat\u00e9raux des frictions internes au socle gouvernemental. Ce message est finalement un message progouvernemental visant \u00e0 ne pas d\u00e9s\u00e9quilibrer le budget port\u00e9 par le Premier ministre Barnier, sans contester les suppressions d\u2019emplois et les baisses de budgets ant\u00e9rieurs.<\/p>\n\n\n\n<p>Extraits\u00a0:<\/p>\n\n\n\n<pre class=\"wp-block-verse\">Ch\u00e8res et chers coll\u00e8gues,<br><br>Le S\u00e9nat a vot\u00e9 le 2\u00a0d\u00e9cembre (193 voix pour, 116\u00a0voix contre) un amendement pr\u00e9sent\u00e9 par le rapporteur sp\u00e9cial Olivier Paccaud (Oise) qui pr\u00e9voit une diminution de 20\u00a0millions d\u2019euros de la subvention pour charge de service public (SCSP) de R\u00e9seau Canop\u00e9 au profit des Maisons familiales et rurales.<br><br>Le contexte politique actuel rend incertaine la traduction effective de cet amendement dans la loi, mais il appelle n\u00e9anmoins quelques remarques. Car cette d\u00e9cision repose malheureusement sur un d\u00e9faut manifeste de connaissance et de compr\u00e9hension de ce qu\u2019est la mission de R\u00e9seau Canop\u00e9 et m\u00e9connait le travail de transformation de l\u2019op\u00e9rateur que nous avons men\u00e9 ensemble, \u00e0 la demande de notre minist\u00e8re\u00a0:<br><br>\u2014\u00a0Le rapporteur sp\u00e9cial a \u00e9valu\u00e9 le fonds de roulement de R\u00e9seau Canop\u00e9 \u00e0 25\u00a0millions d\u2019euros, et suppose en cons\u00e9quence qu\u2019une baisse de 25\u00a0% de notre SCSP serait facile \u00e0 absorber. (\u2026)  Le chiffre avanc\u00e9 est faux. R\u00e9seau Canop\u00e9 a en revanche d\u00e9j\u00e0 fait l\u2019objet lors de l\u2019exercice en cours d\u2019un pr\u00e9l\u00e8vement de 4,7 millions d\u2019euros.  <br><br>\u2014\u00a0Le rapporteur sp\u00e9cial estime que la mission de R\u00e9seau Canop\u00e9 est \u00ab\u2009difficile \u00e0 distinguer\u2009\u00bb de celle des Inspe et des \u00e9coles acad\u00e9miques de la formation continue (EAFC). La ministre Anne Genetet a tr\u00e8s justement rappel\u00e9 lors de son intervention en s\u00e9ance la compl\u00e9mentarit\u00e9 des actions de son op\u00e9rateur Canop\u00e9 avec les Insp\u00e9 et les \u00e9coles acad\u00e9miques de la formation continue (EAFC). (\u2026)<br><br>(\u2026) notre ministre Anne Genetet a d\u00e9fendu le R\u00e9seau dans l\u2019h\u00e9micycle, et \u00e9mis un avis d\u00e9favorable \u00e0 cet amendement. En parall\u00e8le, nous savons que vos organisations syndicales se mobilisent \u00e9galement aupr\u00e8s des \u00e9lus.<br><br>Je pr\u00e9cise enfin que nous avons fait valoir \u00e0 nos interlocuteurs que R\u00e9seau Canop\u00e9 a d\u00e9j\u00e0 largement particip\u00e9 \u00e0 l\u2019effort budg\u00e9taire qu\u2019il est n\u00e9cessaire de consentir dans un contexte de comptes publics d\u00e9grad\u00e9s. R\u00e9seau Canop\u00e9 a rendu plus de 150\u00a0emplois et pr\u00e8s de 10\u00a0millions d\u2019euros annuels de SCSP depuis 2019, et a donc pris une part particuli\u00e8rement forte \u00e0 cet effort.<br>(\u2026)<\/pre>\n\n\n\n<hr class=\"wp-block-separator has-alpha-channel-opacity\"\/>\n\n\n\n<h2 class=\"wp-block-heading\">Budget\u00a02025\u00a0: ce qui serait pr\u00e9vu dans les services\u2026<\/h2>\n\n\n\n<p>Nous reproduisons ci-dessous les passages ayant trait aux services acad\u00e9miques, aux applications m\u00e9tiers tir\u00e9es du projet de loi de finances 2025 dans sa version initiale.<\/p>\n\n\n\n<h3 class=\"wp-block-heading\">Regroupement de l\u2019administration centrale du MEN<\/h3>\n\n\n\n<p>Le parc immobilier de l\u2019administration du minist\u00e8re va se reconcentrer par l\u2019acquisition d\u2019un immeuble pour regrouper les structures actuellement implant\u00e9es sur les sites des rues Dutot, Regnault, du 95 avenue de France, ainsi qu\u2019\u00e0 Vanves.<\/p>\n\n\n\n<h3 class=\"wp-block-heading\">Regroupement de services d\u00e9concentr\u00e9s<\/h3>\n\n\n\n<p>\u00c0 Cr\u00e9teil, le projet de regroupement des services du rectorat, de la Direction des services d\u00e9partementaux de l\u2019\u00c9ducation nationale (DSDEN), du groupement d\u2019int\u00e9r\u00eat public (GIP) d\u00e9di\u00e9 \u00e0 la formation continue et du CROUS se poursuit. Le co\u00fbt en ma\u00eetrise d\u2019ouvrage de l\u2019\u00c9tat, estim\u00e9 initialement \u00e0 80,5\u00a0M\u20ac, a \u00e9t\u00e9 r\u00e9\u00e9valu\u00e9 \u00e0 91,7\u00a0M\u20ac. \u00c0 Versailles, un projet pr\u00e9voit le regroupement des services du rectorat, de la DSDEN, du CROUS et la Cour administrative d\u2019appel de Versailles sur le site actuel du rectorat.<\/p>\n\n\n\n<h3 class=\"wp-block-heading\">Applications m\u00e9tiers<\/h3>\n\n\n\n<p>Les principaux facteurs de co\u00fbt suppl\u00e9mentaire par rapport \u00e0 la loi de finances\u00a02021 (107,39\u00a0M\u20ac) se d\u00e9composent comme suit\u00a0: 66,5\u00a0M\u20ac li\u00e9s \u00e0 un changement de p\u00e9rim\u00e8tre d\u00fb \u00e0 la centralisation des cr\u00e9dits de l\u2019ensemble des projets SIRH\u2009; 7,9\u00a0M\u20ac sont li\u00e9s \u00e0 une actualisation des co\u00fbts\u2009; 21,4\u00a0M\u20ac s\u2019expliquent par l\u2019effet du d\u00e9calage d\u2019un an de la migration vers RenoiRH (+6\u00a0M\u20ac) compl\u00e9t\u00e9 d\u2019une ann\u00e9e de fonctionnement suppl\u00e9mentaire (+15,4\u00a0M\u20ac)\u2009; 11\u00a0M\u20ac r\u00e9sultent de la prise en compte du plan \u00ab\u2009projet\u2009\u00bb Virtuo int\u00e9grant le cadre contractuel ainsi que le p\u00e9rim\u00e8tre \u00e9tendu de d\u00e9ploiement pr\u00e9cit\u00e9 (+11\u00a0M\u20ac).<\/p>\n<div class=\"seriesmeta\">Cet article est la rubrique 13 sur 15 du Convergences <a href=\"https:\/\/convergences.snasub.fr\/index.php\/series\/numero-302-decembre-2024\/\" class=\"series-51\" title=\"N\u00b0 302 \u2014 D\u00e9cembre 2024\">N\u00b0 302 \u2014 D\u00e9cembre 2024<\/a><\/div>  <br>","protected":false},"excerpt":{"rendered":"<p>Il nous a sembl\u00e9 int\u00e9ressant de publier des extraits du message envoy\u00e9 le 2\u00a0d\u00e9cembre aupr\u00e8s des personnels par la directrice g\u00e9n\u00e9rale de R\u00e9seau Canop\u00e9 qui d\u00e9non\u00e7ait par mel l\u2019amendement au projet de loi de Finances de l\u2019\u00c9tat pour 2025 d\u00e9pos\u00e9 par le s\u00e9nateur Paccaud visant \u00e0 baisser de 20\u00a0millions d\u2019euros l\u2019aide de l\u2019\u00c9tat au r\u00e9seau. [&hellip;]<\/p>\n<div class=\"seriesmeta\">Cet article est la rubrique 13 de 15 du Convergences <a href=\"https:\/\/convergences.snasub.fr\/index.php\/series\/numero-302-decembre-2024\/\" class=\"series-51\" title=\"N\u00b0 302 \u2014 D\u00e9cembre 2024\">N\u00b0 302 \u2014 D\u00e9cembre 2024<\/a><\/div>  <br>","protected":false},"author":1,"featured_media":0,"comment_status":"closed","ping_status":"open","sticky":false,"template":"","format":"standard","meta":{"ocean_post_layout":"","ocean_both_sidebars_style":"","ocean_both_sidebars_content_width":0,"ocean_both_sidebars_sidebars_width":0,"ocean_sidebar":"","ocean_second_sidebar":"","ocean_disable_margins":"enable","ocean_add_body_class":"","ocean_shortcode_before_top_bar":"","ocean_shortcode_after_top_bar":"","ocean_shortcode_before_header":"","ocean_shortcode_after_header":"","ocean_has_shortcode":"","ocean_shortcode_after_title":"","ocean_shortcode_before_footer_widgets":"","ocean_shortcode_after_footer_widgets":"","ocean_shortcode_before_footer_bottom":"","ocean_shortcode_after_footer_bottom":"","ocean_display_top_bar":"default","ocean_display_header":"default","ocean_header_style":"","ocean_center_header_left_menu":"","ocean_custom_header_template":"","ocean_custom_logo":0,"ocean_custom_retina_logo":0,"ocean_custom_logo_max_width":0,"ocean_custom_logo_tablet_max_width":0,"ocean_custom_logo_mobile_max_width":0,"ocean_custom_logo_max_height":0,"ocean_custom_logo_tablet_max_height":0,"ocean_custom_logo_mobile_max_height":0,"ocean_header_custom_menu":"","ocean_menu_typo_font_family":"","ocean_menu_typo_font_subset":"","ocean_menu_typo_font_size":0,"ocean_menu_typo_font_size_tablet":0,"ocean_menu_typo_font_size_mobile":0,"ocean_menu_typo_font_size_unit":"px","ocean_menu_typo_font_weight":"","ocean_menu_typo_font_weight_tablet":"","ocean_menu_typo_font_weight_mobile":"","ocean_menu_typo_transform":"","ocean_menu_typo_transform_tablet":"","ocean_menu_typo_transform_mobile":"","ocean_menu_typo_line_height":0,"ocean_menu_typo_line_height_tablet":0,"ocean_menu_typo_line_height_mobile":0,"ocean_menu_typo_line_height_unit":"","ocean_menu_typo_spacing":0,"ocean_menu_typo_spacing_tablet":0,"ocean_menu_typo_spacing_mobile":0,"ocean_menu_typo_spacing_unit":"","ocean_menu_link_color":"","ocean_menu_link_color_hover":"","ocean_menu_link_color_active":"","ocean_menu_link_background":"","ocean_menu_link_hover_background":"","ocean_menu_link_active_background":"","ocean_menu_social_links_bg":"","ocean_menu_social_hover_links_bg":"","ocean_menu_social_links_color":"","ocean_menu_social_hover_links_color":"","ocean_disable_title":"default","ocean_disable_heading":"default","ocean_post_title":"","ocean_post_subheading":"","ocean_post_title_style":"","ocean_post_title_background_color":"","ocean_post_title_background":0,"ocean_post_title_bg_image_position":"","ocean_post_title_bg_image_attachment":"","ocean_post_title_bg_image_repeat":"","ocean_post_title_bg_image_size":"","ocean_post_title_height":0,"ocean_post_title_bg_overlay":0.5,"ocean_post_title_bg_overlay_color":"","ocean_disable_breadcrumbs":"default","ocean_breadcrumbs_color":"","ocean_breadcrumbs_separator_color":"","ocean_breadcrumbs_links_color":"","ocean_breadcrumbs_links_hover_color":"","ocean_display_footer_widgets":"default","ocean_display_footer_bottom":"default","ocean_custom_footer_template":"","ocean_post_oembed":"","ocean_post_self_hosted_media":"","ocean_post_video_embed":"","ocean_link_format":"","ocean_link_format_target":"self","ocean_quote_format":"","ocean_quote_format_link":"post","ocean_gallery_link_images":"on","ocean_gallery_id":[],"footnotes":""},"categories":[52,9],"tags":[],"series":[51],"post_folder":[],"class_list":["post-817","post","type-post","status-publish","format-standard","hentry","category-302-decembre-2024","category-secteur-services","series-numero-302-decembre-2024","entry"],"_links":{"self":[{"href":"https:\/\/convergences.snasub.fr\/index.php\/wp-json\/wp\/v2\/posts\/817","targetHints":{"allow":["GET"]}}],"collection":[{"href":"https:\/\/convergences.snasub.fr\/index.php\/wp-json\/wp\/v2\/posts"}],"about":[{"href":"https:\/\/convergences.snasub.fr\/index.php\/wp-json\/wp\/v2\/types\/post"}],"author":[{"embeddable":true,"href":"https:\/\/convergences.snasub.fr\/index.php\/wp-json\/wp\/v2\/users\/1"}],"replies":[{"embeddable":true,"href":"https:\/\/convergences.snasub.fr\/index.php\/wp-json\/wp\/v2\/comments?post=817"}],"version-history":[{"count":3,"href":"https:\/\/convergences.snasub.fr\/index.php\/wp-json\/wp\/v2\/posts\/817\/revisions"}],"predecessor-version":[{"id":822,"href":"https:\/\/convergences.snasub.fr\/index.php\/wp-json\/wp\/v2\/posts\/817\/revisions\/822"}],"wp:attachment":[{"href":"https:\/\/convergences.snasub.fr\/index.php\/wp-json\/wp\/v2\/media?parent=817"}],"wp:term":[{"taxonomy":"category","embeddable":true,"href":"https:\/\/convergences.snasub.fr\/index.php\/wp-json\/wp\/v2\/categories?post=817"},{"taxonomy":"post_tag","embeddable":true,"href":"https:\/\/convergences.snasub.fr\/index.php\/wp-json\/wp\/v2\/tags?post=817"},{"taxonomy":"series","embeddable":true,"href":"https:\/\/convergences.snasub.fr\/index.php\/wp-json\/wp\/v2\/series?post=817"},{"taxonomy":"post_folder","embeddable":true,"href":"https:\/\/convergences.snasub.fr\/index.php\/wp-json\/wp\/v2\/post_folder?post=817"}],"curies":[{"name":"wp","href":"https:\/\/api.w.org\/{rel}","templated":true}]}}