{"id":675,"date":"2024-12-18T04:59:46","date_gmt":"2024-12-18T03:59:46","guid":{"rendered":"https:\/\/convergences.snasub.fr\/?p=675"},"modified":"2024-12-11T14:40:38","modified_gmt":"2024-12-11T13:40:38","slug":"lu-pour-vous-4","status":"publish","type":"post","link":"https:\/\/convergences.snasub.fr\/index.php\/2024\/12\/18\/lu-pour-vous-4\/","title":{"rendered":"Lu pour vous"},"content":{"rendered":"\n<h2 class=\"wp-block-heading\">Attributions minist\u00e9rielles<\/h2>\n\n\n\n<p><a href=\"https:\/\/www.legifrance.gouv.fr\/jorf\/id\/JORFTEXT000050474920\" target=\"_blank\" rel=\"noreferrer noopener\">D\u00e9cret n\u00b0\u00a02024-990 du 7\u00a0novembre 2024 relatif aux attributions du ministre d\u00e9l\u00e9gu\u00e9 aupr\u00e8s de la ministre de l\u2019\u00c9ducation nationale, charg\u00e9 de la r\u00e9ussite scolaire et de l\u2019enseignement professionnel<\/a><\/p>\n\n\n\n<p>Le ministre d\u00e9l\u00e9gu\u00e9 aupr\u00e8s de la ministre de l\u2019\u00c9ducation nationale, charg\u00e9 de la r\u00e9ussite scolaire et de l\u2019enseignement professionnel, traite, par d\u00e9l\u00e9gation de la ministre de l\u2019\u00c9ducation nationale, de toutes les affaires en mati\u00e8re de r\u00e9ussite scolaire et d\u2019enseignement professionnel que la ministre de l\u2019\u00c9ducation nationale lui confie.<\/p>\n\n\n\n<hr class=\"wp-block-separator has-alpha-channel-opacity\"\/>\n\n\n\n<h2 class=\"wp-block-heading\">Code g\u00e9n\u00e9ral de la fonction publique<\/h2>\n\n\n\n<p><a href=\"https:\/\/www.legifrance.gouv.fr\/jorf\/id\/JORFTEXT000050510977\" target=\"_blank\" rel=\"noreferrer noopener\">D\u00e9cret n\u00b0\u00a02024-1038 du 6\u00a0novembre 2024 relatif aux dispositions r\u00e9glementaires des livres Ier et II du code g\u00e9n\u00e9ral de la fonction publique<\/a><\/p>\n\n\n\n<p>La partie r\u00e9glementaire des livres I\u1d49\u02b3 (Droits, obligations et protections) et II (Exercice du droit syndical et dialogue social) cr\u00e9\u00e9e par le pr\u00e9sent d\u00e9cret est annex\u00e9 \u00e0 ce d\u00e9cret.<br>En outre, le d\u00e9cret proc\u00e8de \u00e0 des abrogations, actualisations et transferts de dispositions.<br>Enfin, une modification des conditions et modalit\u00e9s d\u2019organisation du vote \u00e9lectronique par internet pour les \u00e9lections professionnelles est mise en place.<\/p>\n\n\n\n<hr class=\"wp-block-separator has-alpha-channel-opacity\"\/>\n\n\n\n<h2 class=\"wp-block-heading\">Nouvelle-Cal\u00e9donie<\/h2>\n\n\n\n<p><a href=\"https:\/\/www.legifrance.gouv.fr\/jorf\/id\/JORFTEXT000050477892\">D\u00e9cret n\u00b0\u00a02024-1008 du 7\u00a0novembre 2024 relatif aux modalit\u00e9s de d\u00e9livrance du dipl\u00f4me national du brevet pour la session\u00a02024 en Nouvelle-Cal\u00e9donie en raison de circonstances exceptionnelles<\/a><\/p>\n\n\n\n<p>Ce d\u00e9cret pr\u00e9voit la suppression, au titre de la session\u00a02024, des \u00e9preuves terminales organis\u00e9es pour la d\u00e9livrance du dipl\u00f4me national du brevet en Nouvelle-Cal\u00e9donie. Les \u00e9preuves \u00e9crites sont remplac\u00e9es par la prise en compte des notes de contr\u00f4le continu.<\/p>\n\n\n\n<p><a href=\"https:\/\/www.legifrance.gouv.fr\/jorf\/id\/JORFTEXT000050477919\" target=\"_blank\" rel=\"noreferrer noopener\">D\u00e9cret n\u00b0\u00a02024-1009 du 7\u00a0novembre 2024 relatif \u00e0 l\u2019organisation de l\u2019examen du baccalaur\u00e9at g\u00e9n\u00e9ral et technologique de la session\u00a02024 pour l\u2019ann\u00e9e scolaire\u00a02023-2024 en Nouvelle-Cal\u00e9donie en raison de circonstances exceptionnelles<\/a><\/p>\n\n\n\n<p>Ce d\u00e9cret pr\u00e9voit que la note attribu\u00e9e aux candidats, au titre des \u00e9preuves terminales, est la moyenne annuelle de la classe de terminale, dans l\u2019enseignement concern\u00e9.<br>Les notes moyennes annuelles du candidat, retenues au titre des \u00e9preuves terminales, sont celles figurant sur le livret scolaire ou le relev\u00e9 de notes. L\u2019\u00e9preuve orale terminale dite Grand oral est annul\u00e9e et aucune note n\u2019est attribu\u00e9e en \u00e9ducation physique et sportive.<br>Le jury peut harmoniser les notes du contr\u00f4le continu.<\/p>\n\n\n\n<p><a href=\"https:\/\/www.legifrance.gouv.fr\/jorf\/id\/JORFTEXT000050477954\" target=\"_blank\" rel=\"noreferrer noopener\">D\u00e9cret n\u00b0\u00a02024-1010 du 7\u00a0novembre 2024 relatif \u00e0 l\u2019organisation de l\u2019examen du baccalaur\u00e9at g\u00e9n\u00e9ral et technologique de la session\u00a02025 pour l\u2019ann\u00e9e scolaire\u00a02023-2024 en Nouvelle-Cal\u00e9donie en raison de circonstances exceptionnelles<\/a><\/p>\n\n\n\n<p>Ce d\u00e9cret pr\u00e9voit que la moyenne annuelle de fran\u00e7ais de la classe de premi\u00e8re, inscrite dans le livret scolaire des candidats ou dans le relev\u00e9 de notes, est retenue au titre de la partie \u00e9crite et orale des \u00e9preuves anticip\u00e9es de fran\u00e7ais.<\/p>\n\n\n\n<p><a href=\"https:\/\/www.legifrance.gouv.fr\/jorf\/id\/JORFTEXT000050477979\" target=\"_blank\" rel=\"noreferrer noopener\">D\u00e9cret n\u00b0\u00a02024-1011 du 7\u00a0novembre 2024 relatif aux modalit\u00e9s de d\u00e9livrance du certificat d\u2019aptitude professionnelle, du baccalaur\u00e9at professionnel, du brevet professionnel et de la mention compl\u00e9mentaire pour la session\u00a02024 se d\u00e9roulant en Nouvelle-Cal\u00e9donie en raison de circonstances exceptionnelles<\/a><\/p>\n\n\n\n<p>Le d\u00e9cret pr\u00e9voit la suppression des \u00e9preuves obligatoires, la prise en compte de la moyenne du contr\u00f4le continu et la r\u00e9duction des p\u00e9riodes de formation en milieu professionnel.<\/p>\n\n\n\n<p><a href=\"https:\/\/www.legifrance.gouv.fr\/jorf\/id\/JORFTEXT000050478306\" target=\"_blank\" rel=\"noreferrer noopener\">D\u00e9cret n\u00b0\u00a02024-1015 du 7\u00a0novembre 2024 adaptant les modalit\u00e9s de d\u00e9livrance du brevet de technicien sup\u00e9rieur en Nouvelle-Cal\u00e9donie au titre de la session d\u2019examen\u00a02024 en raison de circonstances exceptionnelles<\/a><\/p>\n\n\n\n<p>Les modalit\u00e9s de d\u00e9livrance du brevet de technicien sup\u00e9rieur (BTS) en Nouvelle-Cal\u00e9donie se fondent principalement sur les r\u00e9sultats du candidat. Le seuil minimal de semaines de stage \u00e0 effectuer sur l\u2019ensemble du cycle de formation pour se pr\u00e9senter \u00e0 l\u2019examen est fix\u00e9 \u00e0 4.<\/p>\n\n\n\n<hr class=\"wp-block-separator has-alpha-channel-opacity\"\/>\n\n\n\n<h2 class=\"wp-block-heading\">Promotion<\/h2>\n\n\n\n<p><a href=\"https:\/\/www.legifrance.gouv.fr\/jorf\/id\/JORFTEXT000050500979\" target=\"_blank\" rel=\"noreferrer noopener\">Arr\u00eat\u00e9 du 22\u00a0octobre 2024 relatif au taux de promotion dans le corps des conservateurs des biblioth\u00e8ques.<\/a><\/p>\n\n\n\n<p>Ce taux est fix\u00e9 \u00e0 16\u00a0%.<\/p>\n\n\n\n<p><a href=\"https:\/\/www.legifrance.gouv.fr\/jorf\/id\/JORFTEXT000050500987\">Arr\u00eat\u00e9 du 22\u00a0octobre 2024 relatif aux taux de promotion dans le corps des ing\u00e9nieurs d\u2019\u00e9tudes du minist\u00e8re charg\u00e9 de l\u2019Enseignement sup\u00e9rieur<\/a><\/p>\n\n\n\n<p>Le taux de promotion dans le grade des ing\u00e9nieurs d\u2019\u00e9tudes hors classe est fix\u00e9 \u00e0 14\u00a0% pour 2024 et 8\u00a0% pour 2025 et 2026.<\/p>\n\n\n\n<p><a href=\"https:\/\/www.legifrance.gouv.fr\/jorf\/id\/JORFTEXT000050502313\" target=\"_blank\" rel=\"noreferrer noopener\">Arr\u00eat\u00e9 du 22\u00a0octobre 2024 relatif aux taux de promotion pour 2025 dans certains corps de fonctionnaires relevant du minist\u00e8re l\u2019enseignement sup\u00e9rieur et de la recherche<\/a><\/p>\n\n\n\n<p>Le taux de promotion dans le grade des techniciens de recherche et de formation de classe sup\u00e9rieure est de 18\u00a0% et celui dans le grade des techniciens de recherche et de formation de classe exceptionnelle est de 14\u00a0%.<br>Le taux de promotion dans le grade des adjoints techniques de recherche et de formation principal de 2\u1d49\u00a0classe est de 28\u00a0% et celui dans le grade des adjoints techniques de recherche et de formation principal de 1\u02b3\u1d49\u00a0classe est de 16,5\u00a0%.<br>Le taux de promotion dans le grade des biblioth\u00e9caires assistants sp\u00e9cialis\u00e9s de classe sup\u00e9rieure est de 18\u00a0% et celui dans le grade des biblioth\u00e9caires assistants sp\u00e9cialis\u00e9s de classe exceptionnelle est de 14\u00a0%.<br>Le taux de promotion dans le grade des magasiniers des biblioth\u00e8ques principal de 2\u1d49\u00a0classe est de 28\u00a0% et celui dans le grade des magasiniers des biblioth\u00e8ques principal de 1\u02b3\u1d49\u00a0classe est de 16,5\u00a0%.<\/p>\n\n\n\n<p><a href=\"https:\/\/www.legifrance.gouv.fr\/loda\/id\/JORFTEXT000050612962\" target=\"_blank\" rel=\"noreferrer noopener\">Arr\u00eat\u00e9 du 22\u00a0octobre 2024 relatif aux taux de promotion pour 2025 dans certains corps de fonctionnaires relevant du minist\u00e8re de l\u2019\u00c9ducation nationale<\/a><\/p>\n\n\n\n<p>Le taux de promotion dans le grade des secr\u00e9taires administratifs de l\u2019\u00e9ducation nationale et de l\u2019enseignement sup\u00e9rieur de classe sup\u00e9rieure est de 18\u00a0% et celui dans le grade des secr\u00e9taires administratifs de l\u2019\u00e9ducation nationale et de l\u2019enseignement sup\u00e9rieur de classe exceptionnelle est de 14\u00a0%.<br>Le taux de promotion dans le grade des adjoints administratifs de l\u2019\u00e9ducation nationale et de l\u2019enseignement sup\u00e9rieur principaux de 2\u1d49\u00a0classe est de 28\u00a0% et dans celui des adjoints administratifs de l\u2019\u00e9ducation nationale et de l\u2019enseignement sup\u00e9rieur principaux de 1\u02b3\u1d49\u00a0classe est de 16,5\u00a0%.<br>Le taux de promotion dans le grade des adjoints techniques des \u00e9tablissements d\u2019enseignement principal de 2\u1d49\u00a0classe est de 28\u00a0% et celui dans le grade des adjoints techniques des \u00e9tablissements d\u2019enseignement principal de 1\u02b3\u1d49\u00a0classe est de 16,5\u00a0%.<\/p>\n\n\n\n<hr class=\"wp-block-separator has-alpha-channel-opacity\"\/>\n\n\n\n<h2 class=\"wp-block-heading\">Recrutement<\/h2>\n\n\n\n<p><a href=\"https:\/\/www.legifrance.gouv.fr\/jorf\/id\/JORFTEXT000050389581\" target=\"_blank\" rel=\"noreferrer noopener\">Arr\u00eat\u00e9 du 16\u00a0octobre 2024 fixant la liste des th\u00e8mes d\u2019actualit\u00e9 de la premi\u00e8re \u00e9preuve d\u2019admissibilit\u00e9 de la session\u00a02025 des concours d\u2019acc\u00e8s aux instituts r\u00e9gionaux d\u2019administration (\u00e9preuves du 3\u00a0avril 2025)<\/a><\/p>\n\n\n\n<p>Ces th\u00e8mes sont\u00a0: enjeux de coh\u00e9sion sociale, de d\u00e9veloppement durable et de diversit\u00e9 des territoires dans les politiques publiques\u2009; finances publiques et intervention \u00e9conomique\u2009; \u00e9volution des services publics\u00a0: enjeux de transformation, notamment num\u00e9rique\u2009; simplification, efficience et \u00e9valuation\u2009; syst\u00e8me \u00e9ducatif, du premier degr\u00e9 \u00e0 l\u2019enseignement sup\u00e9rieur\u2009; enjeux europ\u00e9ens et internationaux des politiques publiques\u2009; organisation territoriale de la France.<\/p>\n\n\n\n<p><a href=\"https:\/\/www.legifrance.gouv.fr\/jorf\/id\/JORFTEXT000050403294\" data-type=\"link\" data-id=\"https:\/\/www.legifrance.gouv.fr\/jorf\/id\/JORFTEXT000050403294\" target=\"_blank\" rel=\"noreferrer noopener\">Arr\u00eat\u00e9 du 22\u00a0octobre 2024 fixant le contingent d\u2019emplois offerts aux militaires et aux anciens militaires au titre de l\u2019ann\u00e9e\u00a02025 pour l\u2019acc\u00e8s \u00e0 certains corps de personnels relevant du minist\u00e8re charg\u00e9 de l\u2019\u00c9ducation nationale<\/a><\/p>\n\n\n\n<p>Ce contingent est fix\u00e9 \u00e0 85\u00a0emplois dont trois dans le corps des attach\u00e9s d\u2019administration de l\u2019\u00c9tat.<\/p>\n\n\n\n<p><\/p>\n<div class=\"seriesmeta\">Cet article est la rubrique 15 sur 15 du Convergences <a href=\"https:\/\/convergences.snasub.fr\/index.php\/series\/numero-302-decembre-2024\/\" class=\"series-51\" title=\"N\u00b0 302 \u2014 D\u00e9cembre 2024\">N\u00b0 302 \u2014 D\u00e9cembre 2024<\/a><\/div>  <br>","protected":false},"excerpt":{"rendered":"<p>Attributions minist\u00e9rielles D\u00e9cret n\u00b0\u00a02024-990 du 7\u00a0novembre 2024 relatif aux attributions du ministre d\u00e9l\u00e9gu\u00e9 aupr\u00e8s de la ministre de l\u2019\u00c9ducation nationale, charg\u00e9 de la r\u00e9ussite scolaire et de l\u2019enseignement professionnel Le ministre d\u00e9l\u00e9gu\u00e9 aupr\u00e8s de la ministre de l\u2019\u00c9ducation nationale, charg\u00e9 de la r\u00e9ussite scolaire et de l\u2019enseignement professionnel, traite, par d\u00e9l\u00e9gation de la ministre de [&hellip;]<\/p>\n<div class=\"seriesmeta\">Cet article est la rubrique 15 de 15 du Convergences <a href=\"https:\/\/convergences.snasub.fr\/index.php\/series\/numero-302-decembre-2024\/\" class=\"series-51\" title=\"N\u00b0 302 \u2014 D\u00e9cembre 2024\">N\u00b0 302 \u2014 D\u00e9cembre 2024<\/a><\/div>  <br>","protected":false},"author":1,"featured_media":0,"comment_status":"closed","ping_status":"open","sticky":false,"template":"","format":"standard","meta":{"ocean_post_layout":"","ocean_both_sidebars_style":"","ocean_both_sidebars_content_width":0,"ocean_both_sidebars_sidebars_width":0,"ocean_sidebar":"","ocean_second_sidebar":"","ocean_disable_margins":"enable","ocean_add_body_class":"","ocean_shortcode_before_top_bar":"","ocean_shortcode_after_top_bar":"","ocean_shortcode_before_header":"","ocean_shortcode_after_header":"","ocean_has_shortcode":"","ocean_shortcode_after_title":"","ocean_shortcode_before_footer_widgets":"","ocean_shortcode_after_footer_widgets":"","ocean_shortcode_before_footer_bottom":"","ocean_shortcode_after_footer_bottom":"","ocean_display_top_bar":"default","ocean_display_header":"default","ocean_header_style":"","ocean_center_header_left_menu":"","ocean_custom_header_template":"","ocean_custom_logo":0,"ocean_custom_retina_logo":0,"ocean_custom_logo_max_width":0,"ocean_custom_logo_tablet_max_width":0,"ocean_custom_logo_mobile_max_width":0,"ocean_custom_logo_max_height":0,"ocean_custom_logo_tablet_max_height":0,"ocean_custom_logo_mobile_max_height":0,"ocean_header_custom_menu":"","ocean_menu_typo_font_family":"","ocean_menu_typo_font_subset":"","ocean_menu_typo_font_size":0,"ocean_menu_typo_font_size_tablet":0,"ocean_menu_typo_font_size_mobile":0,"ocean_menu_typo_font_size_unit":"px","ocean_menu_typo_font_weight":"","ocean_menu_typo_font_weight_tablet":"","ocean_menu_typo_font_weight_mobile":"","ocean_menu_typo_transform":"","ocean_menu_typo_transform_tablet":"","ocean_menu_typo_transform_mobile":"","ocean_menu_typo_line_height":0,"ocean_menu_typo_line_height_tablet":0,"ocean_menu_typo_line_height_mobile":0,"ocean_menu_typo_line_height_unit":"","ocean_menu_typo_spacing":0,"ocean_menu_typo_spacing_tablet":0,"ocean_menu_typo_spacing_mobile":0,"ocean_menu_typo_spacing_unit":"","ocean_menu_link_color":"","ocean_menu_link_color_hover":"","ocean_menu_link_color_active":"","ocean_menu_link_background":"","ocean_menu_link_hover_background":"","ocean_menu_link_active_background":"","ocean_menu_social_links_bg":"","ocean_menu_social_hover_links_bg":"","ocean_menu_social_links_color":"","ocean_menu_social_hover_links_color":"","ocean_disable_title":"default","ocean_disable_heading":"default","ocean_post_title":"","ocean_post_subheading":"","ocean_post_title_style":"","ocean_post_title_background_color":"","ocean_post_title_background":0,"ocean_post_title_bg_image_position":"","ocean_post_title_bg_image_attachment":"","ocean_post_title_bg_image_repeat":"","ocean_post_title_bg_image_size":"","ocean_post_title_height":0,"ocean_post_title_bg_overlay":0.5,"ocean_post_title_bg_overlay_color":"","ocean_disable_breadcrumbs":"default","ocean_breadcrumbs_color":"","ocean_breadcrumbs_separator_color":"","ocean_breadcrumbs_links_color":"","ocean_breadcrumbs_links_hover_color":"","ocean_display_footer_widgets":"default","ocean_display_footer_bottom":"default","ocean_custom_footer_template":"","ocean_post_oembed":"","ocean_post_self_hosted_media":"","ocean_post_video_embed":"","ocean_link_format":"","ocean_link_format_target":"self","ocean_quote_format":"","ocean_quote_format_link":"post","ocean_gallery_link_images":"on","ocean_gallery_id":[],"footnotes":""},"categories":[10],"tags":[],"series":[51],"post_folder":[],"class_list":["post-675","post","type-post","status-publish","format-standard","hentry","category-lu-pour-vous","series-numero-302-decembre-2024","entry"],"_links":{"self":[{"href":"https:\/\/convergences.snasub.fr\/index.php\/wp-json\/wp\/v2\/posts\/675","targetHints":{"allow":["GET"]}}],"collection":[{"href":"https:\/\/convergences.snasub.fr\/index.php\/wp-json\/wp\/v2\/posts"}],"about":[{"href":"https:\/\/convergences.snasub.fr\/index.php\/wp-json\/wp\/v2\/types\/post"}],"author":[{"embeddable":true,"href":"https:\/\/convergences.snasub.fr\/index.php\/wp-json\/wp\/v2\/users\/1"}],"replies":[{"embeddable":true,"href":"https:\/\/convergences.snasub.fr\/index.php\/wp-json\/wp\/v2\/comments?post=675"}],"version-history":[{"count":12,"href":"https:\/\/convergences.snasub.fr\/index.php\/wp-json\/wp\/v2\/posts\/675\/revisions"}],"predecessor-version":[{"id":697,"href":"https:\/\/convergences.snasub.fr\/index.php\/wp-json\/wp\/v2\/posts\/675\/revisions\/697"}],"wp:attachment":[{"href":"https:\/\/convergences.snasub.fr\/index.php\/wp-json\/wp\/v2\/media?parent=675"}],"wp:term":[{"taxonomy":"category","embeddable":true,"href":"https:\/\/convergences.snasub.fr\/index.php\/wp-json\/wp\/v2\/categories?post=675"},{"taxonomy":"post_tag","embeddable":true,"href":"https:\/\/convergences.snasub.fr\/index.php\/wp-json\/wp\/v2\/tags?post=675"},{"taxonomy":"series","embeddable":true,"href":"https:\/\/convergences.snasub.fr\/index.php\/wp-json\/wp\/v2\/series?post=675"},{"taxonomy":"post_folder","embeddable":true,"href":"https:\/\/convergences.snasub.fr\/index.php\/wp-json\/wp\/v2\/post_folder?post=675"}],"curies":[{"name":"wp","href":"https:\/\/api.w.org\/{rel}","templated":true}]}}