{"id":625,"date":"2024-11-07T06:59:56","date_gmt":"2024-11-07T05:59:56","guid":{"rendered":"https:\/\/convergences.snasub.fr\/?p=625"},"modified":"2024-11-12T10:55:16","modified_gmt":"2024-11-12T09:55:16","slug":"11-congres-national-de-la-fsu","status":"publish","type":"post","link":"https:\/\/convergences.snasub.fr\/index.php\/2024\/11\/07\/11-congres-national-de-la-fsu\/","title":{"rendered":"11\u1d49 congr\u00e8s national de la FSU"},"content":{"rendered":"\n<figure class=\"wp-block-image size-large\"><img loading=\"lazy\" decoding=\"async\" width=\"1024\" height=\"380\" src=\"https:\/\/convergences.snasub.fr\/wp-content\/uploads\/2024\/11\/11e_congres_fsu_horizontal-1024x380.png\" alt=\"\" class=\"wp-image-664\" srcset=\"https:\/\/convergences.snasub.fr\/wp-content\/uploads\/2024\/11\/11e_congres_fsu_horizontal-1024x380.png 1024w, https:\/\/convergences.snasub.fr\/wp-content\/uploads\/2024\/11\/11e_congres_fsu_horizontal-300x111.png 300w, https:\/\/convergences.snasub.fr\/wp-content\/uploads\/2024\/11\/11e_congres_fsu_horizontal-768x285.png 768w, https:\/\/convergences.snasub.fr\/wp-content\/uploads\/2024\/11\/11e_congres_fsu_horizontal-1536x569.png 1536w, https:\/\/convergences.snasub.fr\/wp-content\/uploads\/2024\/11\/11e_congres_fsu_horizontal.png 2010w\" sizes=\"auto, (max-width: 1024px) 100vw, 1024px\" \/><\/figure>\n\n\n\n<h2 class=\"wp-block-heading\">On vote\u2009!<\/h2>\n\n\n\n<p>Notre 11\u1d49&nbsp;congr\u00e8s national se tiendra \u00e0 Rennes du 3 au 7&nbsp;f\u00e9vrier 2025. Le moment est donc venu de pr\u00e9parer ce moment important de la vie de la f\u00e9d\u00e9ration.<\/p>\n\n\n\n<p>Toutes et tous les adh\u00e9rent\u00b7es sont appel\u00e9\u00b7es \u00e0 voter directement sur le rapport d\u2019activit\u00e9 des trois derni\u00e8res ann\u00e9es.<br><a href=\"https:\/\/fsu.fr\/supplement-au-pour-259-rapport-dactivite-national-expressions-et-listes-des-tendances\/\" target=\"_blank\" rel=\"noreferrer noopener\">Dans le num\u00e9ro&nbsp;259 de la revue f\u00e9d\u00e9rale POUR se trouve un cahier sp\u00e9cial qui est le premier outil de pr\u00e9paration. Il comprend le rapport d\u2019activit\u00e9 et les textes d\u2019orientation des diff\u00e9rentes tendances. Ce rapport est l\u2019aboutissement d\u2019un travail de synth\u00e8se entre des approches diverses.<\/a><\/p>\n\n\n\n<p>Vous aurez \u00e9galement \u00e0 choisir entre cinq textes d\u2019orientation et listes de tendances. Les instances de la FSU (congr\u00e8s, conseil et bureau f\u00e9d\u00e9raux\u2026) sont compos\u00e9es en tenant compte de ce vote.<\/p>\n\n\n\n<p>La FSU a choisi de favoriser la repr\u00e9sentation des femmes dans ses instances en imposant un minimum de 80&nbsp;femmes sur 160&nbsp;candidat\u00b7es.<\/p>\n\n\n\n<p>\u00c0 la FSU, ce sont les adh\u00e9rent\u00b7es qui d\u00e9cident du fonctionnement et de l\u2019orientation de la f\u00e9d\u00e9ration&nbsp;: un outil de d\u00e9mocratie qui est un \u00e9l\u00e9ment fondamental de notre f\u00e9d\u00e9ration.<br>Alors, votez massivement\u2009!<\/p>\n\n\n\n<blockquote class=\"wp-block-quote is-layout-flow wp-block-quote-is-layout-flow\">\n<p>NdlR : la version papier de notre magazine Convergences a \u00e9t\u00e9 envoy\u00e9, avec le mat\u00e9riel de vote (enveloppes et bulletin) \u00e0 l&rsquo;ensemble de nos adh\u00e9rent\u00b7es d\u00e9but novembre 2024. Cette version en ligne ne comprend pas ces \u00e9l\u00e9ments.<\/p>\n<\/blockquote>\n\n\n\n<hr class=\"wp-block-separator has-alpha-channel-opacity\"\/>\n\n\n\n<h2 class=\"wp-block-heading\">Congr\u00e8s FSU Rennes&nbsp;2025<\/h2>\n\n\n\n<h3 class=\"wp-block-heading\">\u00c9lections f\u00e9d\u00e9rales<\/h3>\n\n\n\n<h4 class=\"wp-block-heading\">Votez du 7&nbsp;novembre au 28&nbsp;novembre 2024<\/h4>\n\n\n\n<p>Ce journal est \u00e0 conserver pr\u00e9cieusement, il vous sera utile pour voter (lien vers le rapport d\u2019activit\u00e9, textes d\u2019orientation, listes\u2026). Ces textes sont \u00e9galement disponibles sur le <a href=\"https:\/\/fsu.fr\/\" target=\"_blank\" rel=\"noreferrer noopener\">site de la FSU&nbsp;: https:\/\/fsu.fr\/<\/a>.<\/p>\n\n\n\n<p>Ce journal contient \u00e9galement le mat\u00e9riel de vote (bulletin et enveloppes) et les modalit\u00e9s de vote. La p\u00e9riode de vote est fix\u00e9e du jeudi&nbsp;7&nbsp;novembre au jeudi&nbsp;28&nbsp;novembre 2024.<\/p>\n\n\n\n<p>Chacune et chacun est donc appel\u00e9\u00b7e \u00e0 participer \u00e0 ce scrutin f\u00e9d\u00e9ral afin de donner \u00e0 la FSU toute sa l\u00e9gitimit\u00e9.<br>Ce n\u2019est pas une affaire de sp\u00e9cialistes&nbsp;: tou\u00b7tes les adh\u00e9rent\u00b7es peuvent et doivent prendre leur place dans ce processus.<\/p>\n\n\n\n<h2 class=\"wp-block-heading\">Les congr\u00e8s d\u00e9partementaux<\/h2>\n\n\n\n<p>Les congr\u00e8s d\u00e9partementaux se tiendront du 11 au 20&nbsp;d\u00e9cembre 2024 et du 6 au 17&nbsp;janvier 2025.<br>Tout comme pour le vote, la participation du plus grand nombre \u00e0 cette \u00e9tape de la construction d\u00e9mocratique de nos orientations et de nos propositions pour l\u2019avenir est indispensable.<\/p>\n\n\n\n<p>Les congr\u00e8s d\u00e9partementaux pr\u00e9paratoires au congr\u00e8s national vont d\u00e9battre de quatre grands th\u00e8mes\u2009:<br><\/p>\n\n\n\n<ul class=\"wp-block-list\">\n<li>Th\u00e8me 1 : le syst\u00e8me \u00e9ducatif, de la maternelle \u00e0 l\u2019universit\u00e9 ;<\/li>\n\n\n\n<li>Th\u00e8me 2 : fonction publique, services publics, revendications pour les personnels et statuts ;<\/li>\n\n\n\n<li>Th\u00e8me 3 : alternatives (transition \u00e9cologique, droits humains, justice sociale, etc.) ;<\/li>\n\n\n\n<li>Th\u00e8me 4 : syndicalisme et fonctionnement FSU.<\/li>\n<\/ul>\n\n\n\n<h2 class=\"wp-block-heading\">Les tribunes des tendances<\/h2>\n\n\n\n<h3 class=\"wp-block-heading\">Tribune Unit\u00e9 &amp; Action et sans tendance<\/h3>\n\n\n\n<h3 class=\"wp-block-heading\">Pour une FSU combative et qui rassemble&nbsp;: votez \u00ab\u2009Unit\u00e9 &amp; Action et sans tendance\u2009\u00bb\u2009!<\/h3>\n\n\n\n<p>Forte d\u2019une orientation syndicale affrontant la complexit\u00e9 des situations pour agir et transformer la soci\u00e9t\u00e9, la rendre plus juste et solidaire, Unit\u00e9 et Action est depuis l\u2019origine le courant tr\u00e8s majoritaire de la FSU et du SNASUB-FSU. Nous articulons solidarit\u00e9 et proximit\u00e9 avec les coll\u00e8gues \u00e0 l\u2019expression d\u00e9termin\u00e9e des revendications pour les services publics, les r\u00e9mun\u00e9rations et carri\u00e8res, l\u2019\u00e9galit\u00e9 professionnelle entre les femmes et les hommes, la cr\u00e9ation d\u2019emplois, les conditions de travail, la justice sociale et fiscale, la d\u00e9fense des libert\u00e9s et le combat contre les racismes et discriminations\u2026 Le rapport de force&nbsp;: c\u2019est la construction de la mobilisation avec les personnels\u2009!<\/p>\n\n\n\n<p>Le pr\u00e9sident Macron inflige des politiques n\u00e9olib\u00e9rales pass\u00e9es en force contre les contestations et mouvements sociaux, aggravant ainsi les crises \u00e9conomique, sociale, politique, d\u00e9mocratique et environnementale. Et le gouvernement Barnier veut amplifier encore l\u2019aust\u00e9rit\u00e9 et r\u00e9duire davantage les droits sociaux, sur fond de menace d\u2019une prise de pouvoir par l\u2019extr\u00eame droite. Celle-ci se nourrit de la d\u00e9sesp\u00e9rance sociale, promeut les racismes et la x\u00e9nophobie contre tous les principes d\u2019\u00e9galit\u00e9, de solidarit\u00e9, de paix et de concorde. Elle menace gravement les libert\u00e9s, l\u2019universalit\u00e9 des droits, les services publics\u2026 Elle d\u00e9veloppe un discours d\u2019imposture sociale qu\u2019il faut d\u00e9faire.<\/p>\n\n\n\n<p>Toute r\u00e9gression sociale, d\u2019o\u00f9 qu\u2019elle vienne, est \u00e0 combattre\u2009! Il faut donc battre le projet de budget de Barnier pour en gagner un autre \u00e0 la hauteur de nos revendications.<\/p>\n\n\n\n<p>Pour Unit\u00e9 &amp; Action, la division syndicale doit reculer. C\u2019est le sens de notre orientation r\u00e9solument unitaire, de notre volont\u00e9 de chercher les rapprochements syndicaux. Tel est le sens du travail engag\u00e9 aujourd\u2019hui avec la CGT, et peut-\u00eatre demain avec d\u2019autres, comme Solidaires.<\/p>\n\n\n\n<p><strong>Votez et faites voter \u00ab\u2009Unit\u00e9 &amp; Action et sans tendance\u2009\u00bb\u2009!<\/strong><\/p>\n\n\n\n<hr class=\"wp-block-separator has-alpha-channel-opacity\"\/>\n\n\n\n<h3 class=\"wp-block-heading\">Tribune \u00e9cole \u00e9mancip\u00e9e et des syndiqu\u00e9\u00b7es hors tendance<\/h3>\n\n\n\n<h3 class=\"wp-block-heading\">Pour une FSU combative, soutenez la liste \u00c9cole \u00c9mancip\u00e9e&nbsp;!<\/h3>\n\n\n\n<p>Si, dans l\u2019organisation interne au SNASUB-FSU les militant\u00b7es de l\u2019\u00c9cole \u00c9mancip\u00e9e ont d\u00e9cid\u00e9 de participer \u00e0 la liste de rassemblement avec les tendances UA et URIS, pour rendre plus visibles et plus fortes les revendications port\u00e9es par le syndicat, au niveau de la FSU, la construction revendicative passe n\u00e9cessairement par la confrontation des id\u00e9es port\u00e9es par les diff\u00e9rents courants de pens\u00e9e. Au dernier congr\u00e8s f\u00e9d\u00e9ral de 2021, la tendance \u00c9cole \u00c9mancip\u00e9e repr\u00e9sentait 21,8&nbsp;% des suffrages, ce qui en fait, de loin, la premi\u00e8re des tendances \u00ab\u2009minoritaires\u2009\u00bb. La construction de la synth\u00e8se f\u00e9d\u00e9rale ne peut donc pas se faire sans la prise en compte des id\u00e9es port\u00e9es par l\u2019\u00c9cole \u00c9mancip\u00e9e.<\/p>\n\n\n\n<p>Les sujets sur lesquels les militant\u00b7es de l\u2019\u00c9cole \u00c9mancip\u00e9e poussent la f\u00e9d\u00e9ration \u00e0 adopter une posture offensive sont nombreux&nbsp;: urgence pour les services publics d\u00e9grad\u00e9s par l\u2019application de politiques n\u00e9olib\u00e9rales, urgence sociale pour les personnels face \u00e0 la d\u00e9gradation de leur situation (salaires, r\u00e9forme des retraites, pr\u00e9carit\u00e9), urgence d\u00e9mocratique avec la menace imminente de l\u2019arriv\u00e9e au pouvoir de l\u2019extr\u00eame droite port\u00e9e par l\u2019incurie du pouvoir macroniste, urgence climatique, urgence pour la paix en Palestine et au Proche-Orient, etc.<\/p>\n\n\n\n<p>Que vous vous reconnaissiez formellement dans la tendance \u00c9cole \u00c9mancip\u00e9e ou que vous pensiez \u00eatre \u00ab\u2009sans ou hors\u2009\u00bb tendance, pour renforcer une FSU combative et d\u00e9termin\u00e9e qui recherche des alliances avec les autres organisations syndicales et les usager\u00b7\u00e8res sans oublier les mouvements \u00e9cologistes, antiracistes et f\u00e9ministes, pour construire une FSU qui prend toute sa place dans la construction d\u2019alternatives politiques de rupture dans la suite de son engagement en faveur du programme du Nouveau Front populaire, n\u2019h\u00e9sitez pas&nbsp;: <strong>votez et faites voter \u00c9cole \u00c9mancip\u00e9e et des syndiqu\u00e9\u00b7es hors tendance.<\/strong><\/p>\n\n\n\n<p>Retrouvez la liste compl\u00e8te et la profession de foi <a href=\"https:\/\/ecoleemancipee.org\/urgence-pour-un-syndicalisme-qui-fait-front\/\" target=\"_blank\" rel=\"noreferrer noopener\">ici&nbsp;: https:\/\/ecoleemancipee.org\/urgence-pour-un-syndicalisme-qui-fait-front\/<\/a><\/p>\n\n\n\n<hr class=\"wp-block-separator has-alpha-channel-opacity\"\/>\n\n\n\n<h3 class=\"wp-block-heading\">Tribune \u00c9mancipation<\/h3>\n\n\n\n<h3 class=\"wp-block-heading\">Une alternative anticapitaliste pour combattre Macron et sa politique<\/h3>\n\n\n\n<p>La politique destructrice de Macron a \u00e9t\u00e9 massivement refus\u00e9e par les luttes (retraite, ch\u00f4mage, choc des savoirs, destruction des services publics\u2026) et lors des \u00e9lections r\u00e9centes. Malgr\u00e9 cela, il a investi un gouvernement Barnier qui est encore plus \u00e0 droite, adoub\u00e9 par le RN et d\u00e9j\u00e0 son otage. C\u2019est une offensive d\u2019une ampleur sans pr\u00e9c\u00e9dent contre le monde du travail qui se pr\u00e9pare. Alors que souffrance professionnelle, pr\u00e9carit\u00e9 et mis\u00e8re explosent, la col\u00e8re sociale se heurte aux violences polici\u00e8res et \u00e0 une r\u00e9pression renforc\u00e9e.<\/p>\n\n\n\n<p>Dans cette situation, l\u2019\u00c9ducation et les services publics sont mis \u00e0 mal&nbsp;:<\/p>\n\n\n\n<ul class=\"wp-block-list\">\n<li>avec les r\u00e9formes de ces derni\u00e8res ann\u00e9es qui menacent l\u2019avenir des \u00e9l\u00e8ves et les statuts des personnels.<\/li>\n\n\n\n<li>avec une politique d\u2019aust\u00e9rit\u00e9 que le gouvernement veut renforcer consid\u00e9rablement&nbsp;: elle programme des conditions de travail encore plus d\u00e9grad\u00e9es.<\/li>\n\n\n\n<li>avec la pr\u00e9carit\u00e9 qui, d\u00e9j\u00e0 massive dans certains secteurs, augmente et masque le d\u00e9ficit en postes p\u00e9rennes. Ce sont aujourd\u2019hui des cat\u00e9gories enti\u00e8res ou des services entiers, dans la Fonction publique d\u2019\u00c9tat comme dans la Territoriale, qui sont constitu\u00e9s de personnels pr\u00e9caires.<\/li>\n<\/ul>\n\n\n\n<p>Mais la FSU, au lieu de construire le rapport de forces indispensable, s\u2019obstine dans des \u00ab\u2009journ\u00e9es d\u2019action\u2009\u00bb routini\u00e8res.<\/p>\n\n\n\n<p><strong>Nous proposons au contraire&nbsp;:<\/strong><\/p>\n\n\n\n<ul class=\"wp-block-list\">\n<li><strong>pour b\u00e2tir le rapport de forces&nbsp;:<\/strong> l\u2019auto-organisation des luttes (AG de personnels souveraines et coordonn\u00e9es).<\/li>\n\n\n\n<li><strong>pour sauvegarder les services publics&nbsp;:<\/strong> abrogation des contre-r\u00e9formes (lyc\u00e9e, choc des savoirs, lyc\u00e9e professionnel\u2026), maintien de l\u2019\u00e9ducation prioritaire et du cadre national de l\u2019\u00e9ducation, r\u00e9emploi et titularisation imm\u00e9diate et sans condition de tous les personnels pr\u00e9caires, fin du blocage des salaires, cr\u00e9ation des postes statutaires n\u00e9cessaires.<\/li>\n\n\n\n<li><strong>une \u00e9cole publique \u00e9galitaire,<\/strong> fond\u00e9e sur la la\u00efcit\u00e9, le droit \u00e0 l\u2019\u00e9ducation et le d\u00e9veloppement de l\u2019esprit critique, sans hi\u00e9rarchie entre les savoirs. Cela suppose la baisse des effectifs par classe et le respect de la libert\u00e9 p\u00e9dagogique.<\/li>\n\n\n\n<li><strong>pour la d\u00e9fense des libert\u00e9s d\u00e9mocratiques,<\/strong> la solidarit\u00e9 internationaliste avec les peuples en lutte.<\/li>\n<\/ul>\n\n\n\n<p><strong>Votez \u00c9mancipation<\/strong><br><a href=\"https:\/\/emancipation.fr\/\" target=\"_blank\" rel=\"noreferrer noopener\">Site&nbsp;: https:\/\/emancipation.fr\/<\/a><br>Contact&nbsp;: <a href=\"mailto:tendance.emancipation@gmail.com\">tendance.emancipation@gmail.com<\/a><\/p>\n\n\n\n<hr class=\"wp-block-separator has-alpha-channel-opacity\"\/>\n\n\n\n<h3 class=\"wp-block-heading\">Tribune Unit\u00e9, Revendications, Ind\u00e9pendance Syndicale (URIS)<\/h3>\n\n\n\n<h3 class=\"wp-block-heading\">L\u2019argent pour l\u2019\u00e9cole, pas pour la guerre. Non aux suppressions de postes<\/h3>\n\n\n\n<p>La situation, depuis la rentr\u00e9e, demeure tr\u00e8s difficile. Il manque des personnels partout. Nos salaires sont bloqu\u00e9s. Des coll\u00e8gues sont encore au travail \u00e0 62, 63, 64&nbsp;ans.<\/p>\n\n\n\n<p>Le gouvernement Barnier-Macron vient de pr\u00e9senter son projet de budget&nbsp;avec 60&nbsp;milliards d\u2019\u00e9conomies&nbsp;: suppression de 4000&nbsp;postes d\u2019enseignants, plus de 3&nbsp;milliards pris dans la poche des retrait\u00e9s par le report au 1er&nbsp;juillet de l\u2019augmentation de retraites pr\u00e9vue le 1er&nbsp;janvier, baisse du remboursement des consultations m\u00e9dicales. Mais le budget de la d\u00e9fense augmente de 3,3&nbsp;milliards et atteint 50,5&nbsp;milliards.<\/p>\n\n\n\n<p>Notre responsabilit\u00e9 comme organisation syndicale est d\u2019obtenir par l\u2019action le retrait de ce budget et de ces mesures.<\/p>\n\n\n\n<h4 class=\"wp-block-heading\">D\u00e9fendre les revendications en toute ind\u00e9pendance syndicale<\/h4>\n\n\n\n<p>L\u2019action syndicale part des besoins, elle n\u2019est pas corset\u00e9e par le budget de l\u2019\u00c9tat ni par un vote au Parlement. Combattre la loi de programmation militaire allouant au moins 413&nbsp;milliards en six ans pour l\u2019arm\u00e9e et exiger que les milliards aillent \u00e0 l\u2019\u00e9cole et aux h\u00f4pitaux, pas \u00e0 la guerre, est de m\u00eame une n\u00e9cessit\u00e9 syndicale.<\/p>\n\n\n\n<h4 class=\"wp-block-heading\">Pour agir, nous avons besoin de revendications claires<\/h4>\n\n\n\n<ul class=\"wp-block-list\">\n<li>Pour l\u2019augmentation des salaires en points d\u2019indice,<\/li>\n\n\n\n<li>Pour l\u2019abrogation de la r\u00e9forme des retraites,<\/li>\n\n\n\n<li>Pour l\u2019abrogation de l\u2019arr\u00eat\u00e9 du 15&nbsp;mars et de tous textes organisant le Choc des savoirs<\/li>\n\n\n\n<li>Pour le retrait de la r\u00e9forme du lyc\u00e9e, du bac Blanquer, des LP et de Parcoursup<\/li>\n\n\n\n<li>Pour le retrait du projet Gu\u00e9rini, pour le maintien des corps, des statuts et des concours<\/li>\n\n\n\n<li>Pour la d\u00e9fense de la S\u00e9curit\u00e9 sociale, contre les accords sur la PSC sign\u00e9s par la FSU<\/li>\n\n\n\n<li>Pour l\u2019abrogation de la loi de programmation militaire&nbsp;: restitution des 413&nbsp;milliards aux budgets de la sant\u00e9, de l\u2019\u00e9ducation nationale et aux salaires.<\/li>\n\n\n\n<li>Non \u00e0 la militarisation de la jeunesse&nbsp;: suppression des classes d\u00e9fense, du SNU, et de l\u2019uniforme.<\/li>\n\n\n\n<li>Fonds publics \u00e0 la seule \u00e9cole publique&nbsp;: abrogation des lois anti-la\u00efques obligeant au financement de l\u2019enseignement priv\u00e9 par 12&nbsp;milliards de fonds publics.<\/li>\n\n\n\n<li>Pour l\u2019am\u00e9lioration imm\u00e9diate des nouveaux outils informatiques et qu\u2019ils soient r\u00e9ellement adapt\u00e9s \u00e0 nos besoins (Op@le, Renoirh, Aria\u2026)<\/li>\n<\/ul>\n\n\n\n<hr class=\"wp-block-separator has-alpha-channel-opacity\"\/>\n\n\n\n<h3 class=\"wp-block-heading\">Tribune Front unique<\/h3>\n\n\n\n<h3 class=\"wp-block-heading\">Front uni pour emp\u00eacher l\u2019adoption du budget Macron-Barnier\u2009!<\/h3>\n\n\n\n<p>Le gouvernement Macron-Barnier, form\u00e9 avec l\u2019aval du RN, veut nous faire payer les d\u00e9ficits et les 200&nbsp;milliards d\u2019aides et exon\u00e9rations aux patrons.<\/p>\n\n\n\n<p>Avec le report de l\u2019indexation des pensions, les retrait\u00e9s seraient ponctionn\u00e9s de 4&nbsp;milliards.<br>15&nbsp;milliards seraient retir\u00e9s \u00e0 la S\u00e9cu et chaque jour Barnier projette de nouveaux coups.<br>Si tous les minist\u00e8res sont attaqu\u00e9s (sauf Int\u00e9rieur et Arm\u00e9e), l\u2019enseignement public est la 1re&nbsp;cible du gouvernement avec 4\u2009000&nbsp;postes en moins.<br>Bref <strong>c\u2019est un budget de guerre<\/strong> contre les travailleurs, fonctionnaires, jeunes, retrait\u00e9s, ch\u00f4meurs, malades\u2026<\/p>\n\n\n\n<p>La responsabilit\u00e9 de la FSU est de <strong>se prononcer clairement contre le budget<\/strong> et de r\u00e9aliser un front uni pour emp\u00eacher son adoption.<br>Si ce gouvernement ultra r\u00e9actionnaire est tr\u00e8s ambitieux contre les travailleurs et la jeunesse, <strong>il reste fragile.<\/strong><br>C\u2019est pourquoi Barnier ne cesse d\u2019appeler au dialogue social avec les syndicats pour en faire des partenaires et ainsi d\u00e9sarmer les victimes de sa politique.<br><strong>Assez des strat\u00e9gies menant toujours aux d\u00e9faites\u2009!<\/strong><\/p>\n\n\n\n<p>Le gouvernement est notre ennemi acharn\u00e9. Aussi, pour ne pas lui permettre d\u2019avancer, les syndicats doivent refuser les concertations avec lui et non offrir leurs services comme la proposition de l\u2019intersyndicale \u00e0 discuter des \u00ab\u2009am\u00e9liorations\u2009\u00bb \u00e0 la r\u00e9forme des retraites\u2009!<br>Notre f\u00e9d\u00e9ration doit aussi en finir avec l\u2019appel aux journ\u00e9e d\u2019actions clairement rejet\u00e9es par nos coll\u00e8gues, comme celle du 1er&nbsp;octobre.<\/p>\n\n\n\n<p>Les directions syndicales, celle de la FSU (courants UetA EE) nous ont invariablement conduit \u00e0 la d\u00e9faite en multipliant ces actions, loin des lieux du pouvoir, comme en 2023\u2009!<br>Et puisque c\u2019est \u00e0 l\u2019Assembl\u00e9e nationale que le budget sera examin\u00e9, <strong>la FSU doit \u0153uvrer au front uni des organisations pour qu\u2019elles appellent \u00e0 une immense manifestation \u00e0 l\u2019Assembl\u00e9e pour en interdire son adoption.<\/strong><br>Une victoire contre le budget permettrait de combattre pour l\u2019abrogation des contre-r\u00e9formes en \u0153uvre et d\u2019emp\u00eacher celles en pr\u00e9paration.<\/p>\n\n\n\n<p>Notre courant combat aussi pour que la FSU condamne Isra\u00ebl et ses massacres et \u0153uvre \u00e0 son boycott.<\/p>\n\n\n\n<p><strong>VOTEZ FRONT UNIQUE\u2009!<\/strong><\/p>\n\n\n\n<p>48 candidats, syndiqu\u00e9s SNASUB, ont soutenu le d\u00e9p\u00f4t de notre liste FU<br>contact : <a href=\"mailto:ericpanthou@gmail.com\">ericpanthou@gmail.com<\/a><\/p>\n\n\n\n<hr class=\"wp-block-separator has-alpha-channel-opacity\"\/>\n\n\n\n<figure class=\"wp-block-image size-large\"><img loading=\"lazy\" decoding=\"async\" width=\"1024\" height=\"683\" src=\"https:\/\/convergences.snasub.fr\/wp-content\/uploads\/2024\/10\/MG_4340-1024x683.jpg\" alt=\"\" class=\"wp-image-637\" srcset=\"https:\/\/convergences.snasub.fr\/wp-content\/uploads\/2024\/10\/MG_4340-1024x683.jpg 1024w, https:\/\/convergences.snasub.fr\/wp-content\/uploads\/2024\/10\/MG_4340-300x200.jpg 300w, https:\/\/convergences.snasub.fr\/wp-content\/uploads\/2024\/10\/MG_4340-768x512.jpg 768w, https:\/\/convergences.snasub.fr\/wp-content\/uploads\/2024\/10\/MG_4340-1536x1024.jpg 1536w, https:\/\/convergences.snasub.fr\/wp-content\/uploads\/2024\/10\/MG_4340-2048x1365.jpg 2048w\" sizes=\"auto, (max-width: 1024px) 100vw, 1024px\" \/><figcaption class=\"wp-element-caption\">Paris, 1er octobre 2024 (Photo SNASUB-FSU)<\/figcaption><\/figure>\n\n\n\n<p><\/p>\n<div class=\"seriesmeta\">Cet article est la rubrique 4 sur 10 du Convergences <a href=\"https:\/\/convergences.snasub.fr\/index.php\/series\/numero-301-novembre-2024\/\" class=\"series-39\" title=\"N\u00b0 301 \u2014 Novembre 2024\">N\u00b0 301 \u2014 Novembre 2024<\/a><\/div>  <br>","protected":false},"excerpt":{"rendered":"<p>On vote\u2009! Notre 11\u1d49&nbsp;congr\u00e8s national se tiendra \u00e0 Rennes du 3 au 7&nbsp;f\u00e9vrier 2025. Le moment est donc venu de pr\u00e9parer ce moment important de la vie de la f\u00e9d\u00e9ration. Toutes et tous les adh\u00e9rent\u00b7es sont appel\u00e9\u00b7es \u00e0 voter directement sur le rapport d\u2019activit\u00e9 des trois derni\u00e8res ann\u00e9es.Dans le num\u00e9ro&nbsp;259 de la revue f\u00e9d\u00e9rale POUR [&hellip;]<\/p>\n<div class=\"seriesmeta\">Cet article est la rubrique 4 de 10 du Convergences <a href=\"https:\/\/convergences.snasub.fr\/index.php\/series\/numero-301-novembre-2024\/\" class=\"series-39\" title=\"N\u00b0 301 \u2014 Novembre 2024\">N\u00b0 301 \u2014 Novembre 2024<\/a><\/div>  <br>","protected":false},"author":1,"featured_media":0,"comment_status":"closed","ping_status":"open","sticky":false,"template":"","format":"standard","meta":{"ocean_post_layout":"","ocean_both_sidebars_style":"","ocean_both_sidebars_content_width":0,"ocean_both_sidebars_sidebars_width":0,"ocean_sidebar":"","ocean_second_sidebar":"","ocean_disable_margins":"enable","ocean_add_body_class":"","ocean_shortcode_before_top_bar":"","ocean_shortcode_after_top_bar":"","ocean_shortcode_before_header":"","ocean_shortcode_after_header":"","ocean_has_shortcode":"","ocean_shortcode_after_title":"","ocean_shortcode_before_footer_widgets":"","ocean_shortcode_after_footer_widgets":"","ocean_shortcode_before_footer_bottom":"","ocean_shortcode_after_footer_bottom":"","ocean_display_top_bar":"default","ocean_display_header":"default","ocean_header_style":"","ocean_center_header_left_menu":"","ocean_custom_header_template":"","ocean_custom_logo":0,"ocean_custom_retina_logo":0,"ocean_custom_logo_max_width":0,"ocean_custom_logo_tablet_max_width":0,"ocean_custom_logo_mobile_max_width":0,"ocean_custom_logo_max_height":0,"ocean_custom_logo_tablet_max_height":0,"ocean_custom_logo_mobile_max_height":0,"ocean_header_custom_menu":"","ocean_menu_typo_font_family":"","ocean_menu_typo_font_subset":"","ocean_menu_typo_font_size":0,"ocean_menu_typo_font_size_tablet":0,"ocean_menu_typo_font_size_mobile":0,"ocean_menu_typo_font_size_unit":"px","ocean_menu_typo_font_weight":"","ocean_menu_typo_font_weight_tablet":"","ocean_menu_typo_font_weight_mobile":"","ocean_menu_typo_transform":"","ocean_menu_typo_transform_tablet":"","ocean_menu_typo_transform_mobile":"","ocean_menu_typo_line_height":0,"ocean_menu_typo_line_height_tablet":0,"ocean_menu_typo_line_height_mobile":0,"ocean_menu_typo_line_height_unit":"","ocean_menu_typo_spacing":0,"ocean_menu_typo_spacing_tablet":0,"ocean_menu_typo_spacing_mobile":0,"ocean_menu_typo_spacing_unit":"","ocean_menu_link_color":"","ocean_menu_link_color_hover":"","ocean_menu_link_color_active":"","ocean_menu_link_background":"","ocean_menu_link_hover_background":"","ocean_menu_link_active_background":"","ocean_menu_social_links_bg":"","ocean_menu_social_hover_links_bg":"","ocean_menu_social_links_color":"","ocean_menu_social_hover_links_color":"","ocean_disable_title":"default","ocean_disable_heading":"default","ocean_post_title":"","ocean_post_subheading":"","ocean_post_title_style":"","ocean_post_title_background_color":"","ocean_post_title_background":0,"ocean_post_title_bg_image_position":"","ocean_post_title_bg_image_attachment":"","ocean_post_title_bg_image_repeat":"","ocean_post_title_bg_image_size":"","ocean_post_title_height":0,"ocean_post_title_bg_overlay":0.5,"ocean_post_title_bg_overlay_color":"","ocean_disable_breadcrumbs":"default","ocean_breadcrumbs_color":"","ocean_breadcrumbs_separator_color":"","ocean_breadcrumbs_links_color":"","ocean_breadcrumbs_links_hover_color":"","ocean_display_footer_widgets":"default","ocean_display_footer_bottom":"default","ocean_custom_footer_template":"","ocean_post_oembed":"","ocean_post_self_hosted_media":"","ocean_post_video_embed":"","ocean_link_format":"","ocean_link_format_target":"self","ocean_quote_format":"","ocean_quote_format_link":"post","ocean_gallery_link_images":"on","ocean_gallery_id":[],"footnotes":""},"categories":[38,4],"tags":[],"series":[39],"post_folder":[],"class_list":["post-625","post","type-post","status-publish","format-standard","hentry","category-301-novembre-2024","category-dossier","series-numero-301-novembre-2024","entry"],"_links":{"self":[{"href":"https:\/\/convergences.snasub.fr\/index.php\/wp-json\/wp\/v2\/posts\/625","targetHints":{"allow":["GET"]}}],"collection":[{"href":"https:\/\/convergences.snasub.fr\/index.php\/wp-json\/wp\/v2\/posts"}],"about":[{"href":"https:\/\/convergences.snasub.fr\/index.php\/wp-json\/wp\/v2\/types\/post"}],"author":[{"embeddable":true,"href":"https:\/\/convergences.snasub.fr\/index.php\/wp-json\/wp\/v2\/users\/1"}],"replies":[{"embeddable":true,"href":"https:\/\/convergences.snasub.fr\/index.php\/wp-json\/wp\/v2\/comments?post=625"}],"version-history":[{"count":13,"href":"https:\/\/convergences.snasub.fr\/index.php\/wp-json\/wp\/v2\/posts\/625\/revisions"}],"predecessor-version":[{"id":665,"href":"https:\/\/convergences.snasub.fr\/index.php\/wp-json\/wp\/v2\/posts\/625\/revisions\/665"}],"wp:attachment":[{"href":"https:\/\/convergences.snasub.fr\/index.php\/wp-json\/wp\/v2\/media?parent=625"}],"wp:term":[{"taxonomy":"category","embeddable":true,"href":"https:\/\/convergences.snasub.fr\/index.php\/wp-json\/wp\/v2\/categories?post=625"},{"taxonomy":"post_tag","embeddable":true,"href":"https:\/\/convergences.snasub.fr\/index.php\/wp-json\/wp\/v2\/tags?post=625"},{"taxonomy":"series","embeddable":true,"href":"https:\/\/convergences.snasub.fr\/index.php\/wp-json\/wp\/v2\/series?post=625"},{"taxonomy":"post_folder","embeddable":true,"href":"https:\/\/convergences.snasub.fr\/index.php\/wp-json\/wp\/v2\/post_folder?post=625"}],"curies":[{"name":"wp","href":"https:\/\/api.w.org\/{rel}","templated":true}]}}