{"id":533,"date":"2024-10-17T09:06:56","date_gmt":"2024-10-17T07:06:56","guid":{"rendered":"https:\/\/convergences.snasub.fr\/?p=533"},"modified":"2024-10-17T09:04:51","modified_gmt":"2024-10-17T07:04:51","slug":"qui-sont-les-ministres-nommes-le-21-septembre","status":"publish","type":"post","link":"https:\/\/convergences.snasub.fr\/index.php\/2024\/10\/17\/qui-sont-les-ministres-nommes-le-21-septembre\/","title":{"rendered":"Qui sont les ministres nomm\u00e9s le 21 septembre\u00a0?"},"content":{"rendered":"\n<blockquote class=\"wp-block-quote is-layout-flow wp-block-quote-is-layout-flow\">\n<p>Le Premier ministre a certainement eu les pires difficult\u00e9s pour trouver les \u00e9quilibres entre les forces politiques disparates pour former son gouvernement. Nous pr\u00e9sentons ici les diff\u00e9rents ministres que le SNASUB-FSU aura comme interlocuteurs.<\/p>\n<\/blockquote>\n\n\n\n<h2 class=\"wp-block-heading\">Anne Genetet, ministre de l\u2019\u00c9ducation nationale<\/h2>\n\n\n\n<p>Avant d\u2019\u00eatre nomm\u00e9e au gouvernement, elle \u00e9tait d\u00e9put\u00e9e du groupe Ensemble pour la R\u00e9publique (ex-Renaissance), macroniste donc. Jamais encart\u00e9e politiquement avant 2017, elle a \u00ab\u2009plus souvent vot\u00e9 \u00e0 gauche qu\u2019\u00e0 droite\u2009\u00bb, se consid\u00e9rant d\u00e9sormais \u00ab\u2009plut\u00f4t au centre\u2009\u00bb. \u00ab\u2009D\u00e9\u00e7ue du mitterrandisme (et) du hollandisme\u2009\u00bb elle rejoint En Marche\u2009! en 2016. En 2017 elle se fait \u00e9lire d\u00e9put\u00e9e de la 11\u1d49\u00a0circonscription des Fran\u00e7ais de l\u2019\u00e9tranger.<br>Principalement connue pour ses travaux en d\u00e9fense et en diplomatie \u00e0 l\u2019Assembl\u00e9e nationale, sa nomination est une surprise par tous les syndicats. Rien dans son CV ne laisse supposer un int\u00e9r\u00eat particulier pour l\u2019\u00e9cole. Anne Genetet a renonc\u00e9 \u00e0 exercer la m\u00e9decine trois ans apr\u00e8s son doctorat, puis s\u2019est r\u00e9orient\u00e9e vers le journalisme m\u00e9dical et la communication. Depuis 2005, elle est install\u00e9e \u00e0 Singapour o\u00f9 elle propose des\u00a0conseils m\u00e9dicaux aux expatri\u00e9s. Elle cr\u00e9e en 2009 une structure de conseil sur les relations employeur \u2014 personnel de maison pour des familles occidentales expatri\u00e9es \u00e0 Singapour. Elle offre des cours de cuisine et d\u2019aide aux premiers soins pour les\u00a0<em>helpers<\/em>\u00a0(nom des employ\u00e9s de maison \u00e0 Singapour) et des conseils aux familles expatri\u00e9es pour l\u2019embauche de ceux-ci. Des sujets sulfureux sont remont\u00e9s \u00e0 la surface depuis sa nomination. Parmi les conseils prodigu\u00e9s aux employeurs, elle leur indiquait notamment que les cong\u00e9s aux employ\u00e9s n\u2019\u00e9taient pas obligatoires\u2026<br>Elle a \u00e9t\u00e9 nomm\u00e9e en duo avec le d\u00e9put\u00e9 (Les R\u00e9publicains, LR) Alexandre Portier, qui obtient le portefeuille de ministre d\u00e9l\u00e9gu\u00e9 charg\u00e9 de la R\u00e9ussite scolaire et de l\u2019Enseignement professionnel.<\/p>\n\n\n\n<h2 class=\"wp-block-heading\">Alexandre Portier, ministre d\u00e9l\u00e9gu\u00e9 Charg\u00e9 de la r\u00e9ussite scolaire et de l\u2019enseignement professionnel<\/h2>\n\n\n\n<p>Parmi les nouveaux minist\u00e8res cr\u00e9\u00e9s, un minist\u00e8re sous tutelle de l\u2019\u00c9ducation nationale a \u00e9t\u00e9 plac\u00e9 sous l\u2019autorit\u00e9 d\u2019Alexandre Portier, ministre charg\u00e9 de la r\u00e9ussite scolaire de l\u2019enseignement professionnel.\u00a0<br>Dans une tribune publi\u00e9e dans Le Figaro et cosign\u00e9e avec le d\u00e9put\u00e9 europ\u00e9en Fran\u00e7ois-Xavier Bellamy et le s\u00e9nateur LR Max Brisson, il se place en fervent d\u00e9fenseur de l\u2019enseignement priv\u00e9. \u00ab\u2009N\u2019en d\u00e9plaise \u00e0 ses d\u00e9tracteurs, force est de constater que l\u2019enseignement priv\u00e9 rend service \u00e0 l\u2019\u00c9ducation nationale, en la d\u00e9chargeant de 25\u00a0% des enfants scolaris\u00e9s de France\u2009\u00bb, peut-on lire.<\/p>\n\n\n\n<h2 class=\"wp-block-heading\">Patrick Hetzel nomm\u00e9 ministre de l\u2019Enseignement sup\u00e9rieur et de la Recherche<\/h2>\n\n\n\n<p>Avant de rejoindre le Gouvernement, Patrick Hetzel \u00e9tait d\u00e9put\u00e9 Les R\u00e9publicains du Bas-Rhin depuis juin&nbsp;2012. Il a \u00e9t\u00e9 nomm\u00e9 ministre de l\u2019Enseignement sup\u00e9rieur et de la Recherche.<br>En 2007, il rejoint Fran\u00e7ois Fillon \u00e0 Matignon comme conseiller \u00e9ducation, enseignement sup\u00e9rieur et recherche, au moment de l\u2019adoption de la Loi relative aux libert\u00e9s et responsabilit\u00e9s des universit\u00e9s (LRU). En mars&nbsp;2018, il co-pr\u00e9side la mission d\u2019\u00e9valuation et de contr\u00f4le sur l\u2019\u00e9valuation du financement public de la recherche et des universit\u00e9s, qui sugg\u00e8re entre autres d\u2019instaurer une loi pluriannuelle de programmation de la recherche. Une recommandation qui a servi de base deux ans plus tard pour l\u2019\u00e9laboration de la LPR.<\/p>\n\n\n\n<h2 class=\"wp-block-heading\">Gil Av\u00e9rous est le ministre des Sports, de la Jeunesse et de la Vie associative<\/h2>\n\n\n\n<p>Issu du RPR, de l\u2019UMP puis de LR, il annonce le&nbsp;21&nbsp;d\u00e9cembre 2023&nbsp;quitter&nbsp;Les R\u00e9publicains&nbsp;dans une lettre envoy\u00e9e au pr\u00e9sident&nbsp;\u00c9ric Ciotti, se pr\u00e9sentant en d\u00e9saccord avec la direction du parti, notamment sur l\u2019absence d\u2019appel \u00e0 voter pour le pr\u00e9sident sortant&nbsp;Emmanuel Macron&nbsp;au second tour face \u00e0 Marine Le Pen. Il se pr\u00e9sente sans \u00e9tiquette depuis. Il a affirm\u00e9 lors de la passation de pouvoirs avec Am\u00e9lie Oud\u00e9a-Cast\u00e9ra, lundi&nbsp;23&nbsp;septembre, qu\u2019il souhaitait poursuivre la politique de sa pr\u00e9d\u00e9cesseure.<\/p>\n\n\n\n<h2 class=\"wp-block-heading\">Rachida Dati, reconduite dans sa fonction au minist\u00e8re de la Culture<\/h2>\n\n\n\n<p>Elle avait d\u00e9j\u00e0 \u00e9t\u00e9 nomm\u00e9e ministre de la Culture au sein du gouvernement de Gabriel Attal en janvier. Une nomination qui lui a rapidement valu d\u2019\u00eatre exclue des R\u00e9publicains, sa famille politique historique.<\/p>\n<div class=\"seriesmeta\">Cet article est la rubrique 4 sur 8 du Convergences <a href=\"https:\/\/convergences.snasub.fr\/index.php\/series\/numero-300-octobre-2024\/\" class=\"series-31\" title=\"N\u00b0 300 \u2014 Octobre 2024\">N\u00b0 300 \u2014 Octobre 2024<\/a><\/div>  <br>","protected":false},"excerpt":{"rendered":"<p>Le Premier ministre a certainement eu les pires difficult\u00e9s pour trouver les \u00e9quilibres entre les forces politiques disparates pour former son gouvernement. Nous pr\u00e9sentons ici les diff\u00e9rents ministres que le SNASUB-FSU aura comme interlocuteurs. Anne Genetet, ministre de l\u2019\u00c9ducation nationale Avant d\u2019\u00eatre nomm\u00e9e au gouvernement, elle \u00e9tait d\u00e9put\u00e9e du groupe Ensemble pour la R\u00e9publique (ex-Renaissance), [&hellip;]<\/p>\n<div class=\"seriesmeta\">Cet article est la rubrique 4 de 8 du Convergences <a href=\"https:\/\/convergences.snasub.fr\/index.php\/series\/numero-300-octobre-2024\/\" class=\"series-31\" title=\"N\u00b0 300 \u2014 Octobre 2024\">N\u00b0 300 \u2014 Octobre 2024<\/a><\/div>  <br>","protected":false},"author":1,"featured_media":0,"comment_status":"closed","ping_status":"open","sticky":false,"template":"","format":"standard","meta":{"ocean_post_layout":"","ocean_both_sidebars_style":"","ocean_both_sidebars_content_width":0,"ocean_both_sidebars_sidebars_width":0,"ocean_sidebar":"","ocean_second_sidebar":"","ocean_disable_margins":"enable","ocean_add_body_class":"","ocean_shortcode_before_top_bar":"","ocean_shortcode_after_top_bar":"","ocean_shortcode_before_header":"","ocean_shortcode_after_header":"","ocean_has_shortcode":"","ocean_shortcode_after_title":"","ocean_shortcode_before_footer_widgets":"","ocean_shortcode_after_footer_widgets":"","ocean_shortcode_before_footer_bottom":"","ocean_shortcode_after_footer_bottom":"","ocean_display_top_bar":"default","ocean_display_header":"default","ocean_header_style":"","ocean_center_header_left_menu":"","ocean_custom_header_template":"","ocean_custom_logo":0,"ocean_custom_retina_logo":0,"ocean_custom_logo_max_width":0,"ocean_custom_logo_tablet_max_width":0,"ocean_custom_logo_mobile_max_width":0,"ocean_custom_logo_max_height":0,"ocean_custom_logo_tablet_max_height":0,"ocean_custom_logo_mobile_max_height":0,"ocean_header_custom_menu":"","ocean_menu_typo_font_family":"","ocean_menu_typo_font_subset":"","ocean_menu_typo_font_size":0,"ocean_menu_typo_font_size_tablet":0,"ocean_menu_typo_font_size_mobile":0,"ocean_menu_typo_font_size_unit":"px","ocean_menu_typo_font_weight":"","ocean_menu_typo_font_weight_tablet":"","ocean_menu_typo_font_weight_mobile":"","ocean_menu_typo_transform":"","ocean_menu_typo_transform_tablet":"","ocean_menu_typo_transform_mobile":"","ocean_menu_typo_line_height":0,"ocean_menu_typo_line_height_tablet":0,"ocean_menu_typo_line_height_mobile":0,"ocean_menu_typo_line_height_unit":"","ocean_menu_typo_spacing":0,"ocean_menu_typo_spacing_tablet":0,"ocean_menu_typo_spacing_mobile":0,"ocean_menu_typo_spacing_unit":"","ocean_menu_link_color":"","ocean_menu_link_color_hover":"","ocean_menu_link_color_active":"","ocean_menu_link_background":"","ocean_menu_link_hover_background":"","ocean_menu_link_active_background":"","ocean_menu_social_links_bg":"","ocean_menu_social_hover_links_bg":"","ocean_menu_social_links_color":"","ocean_menu_social_hover_links_color":"","ocean_disable_title":"default","ocean_disable_heading":"default","ocean_post_title":"","ocean_post_subheading":"","ocean_post_title_style":"","ocean_post_title_background_color":"","ocean_post_title_background":0,"ocean_post_title_bg_image_position":"","ocean_post_title_bg_image_attachment":"","ocean_post_title_bg_image_repeat":"","ocean_post_title_bg_image_size":"","ocean_post_title_height":0,"ocean_post_title_bg_overlay":0.5,"ocean_post_title_bg_overlay_color":"","ocean_disable_breadcrumbs":"default","ocean_breadcrumbs_color":"","ocean_breadcrumbs_separator_color":"","ocean_breadcrumbs_links_color":"","ocean_breadcrumbs_links_hover_color":"","ocean_display_footer_widgets":"default","ocean_display_footer_bottom":"default","ocean_custom_footer_template":"","ocean_post_oembed":"","ocean_post_self_hosted_media":"","ocean_post_video_embed":"","ocean_link_format":"","ocean_link_format_target":"self","ocean_quote_format":"","ocean_quote_format_link":"post","ocean_gallery_link_images":"on","ocean_gallery_id":[],"footnotes":""},"categories":[32,3],"tags":[],"series":[31],"post_folder":[],"class_list":["post-533","post","type-post","status-publish","format-standard","hentry","category-300-octobre-2024","category-actualites","series-numero-300-octobre-2024","entry"],"_links":{"self":[{"href":"https:\/\/convergences.snasub.fr\/index.php\/wp-json\/wp\/v2\/posts\/533","targetHints":{"allow":["GET"]}}],"collection":[{"href":"https:\/\/convergences.snasub.fr\/index.php\/wp-json\/wp\/v2\/posts"}],"about":[{"href":"https:\/\/convergences.snasub.fr\/index.php\/wp-json\/wp\/v2\/types\/post"}],"author":[{"embeddable":true,"href":"https:\/\/convergences.snasub.fr\/index.php\/wp-json\/wp\/v2\/users\/1"}],"replies":[{"embeddable":true,"href":"https:\/\/convergences.snasub.fr\/index.php\/wp-json\/wp\/v2\/comments?post=533"}],"version-history":[{"count":3,"href":"https:\/\/convergences.snasub.fr\/index.php\/wp-json\/wp\/v2\/posts\/533\/revisions"}],"predecessor-version":[{"id":537,"href":"https:\/\/convergences.snasub.fr\/index.php\/wp-json\/wp\/v2\/posts\/533\/revisions\/537"}],"wp:attachment":[{"href":"https:\/\/convergences.snasub.fr\/index.php\/wp-json\/wp\/v2\/media?parent=533"}],"wp:term":[{"taxonomy":"category","embeddable":true,"href":"https:\/\/convergences.snasub.fr\/index.php\/wp-json\/wp\/v2\/categories?post=533"},{"taxonomy":"post_tag","embeddable":true,"href":"https:\/\/convergences.snasub.fr\/index.php\/wp-json\/wp\/v2\/tags?post=533"},{"taxonomy":"series","embeddable":true,"href":"https:\/\/convergences.snasub.fr\/index.php\/wp-json\/wp\/v2\/series?post=533"},{"taxonomy":"post_folder","embeddable":true,"href":"https:\/\/convergences.snasub.fr\/index.php\/wp-json\/wp\/v2\/post_folder?post=533"}],"curies":[{"name":"wp","href":"https:\/\/api.w.org\/{rel}","templated":true}]}}