{"id":530,"date":"2024-10-17T09:06:57","date_gmt":"2024-10-17T07:06:57","guid":{"rendered":"https:\/\/convergences.snasub.fr\/?p=530"},"modified":"2024-10-17T09:04:51","modified_gmt":"2024-10-17T07:04:51","slug":"communique-de-presse-fsu-discours-de-politique-generale-tout-ca-pour-faire-comme-avant-mais-en-pire","status":"publish","type":"post","link":"https:\/\/convergences.snasub.fr\/index.php\/2024\/10\/17\/communique-de-presse-fsu-discours-de-politique-generale-tout-ca-pour-faire-comme-avant-mais-en-pire\/","title":{"rendered":"Communiqu\u00e9 de presse FSU \u2013 Discours de politique g\u00e9n\u00e9rale\u00a0: tout \u00e7a pour faire comme avant mais en pire\u2009?"},"content":{"rendered":"\n<p>En guise de discours de politique g\u00e9n\u00e9rale, Michel Barnier a surtout confirm\u00e9 le cap de l\u2019aust\u00e9rit\u00e9, affirmant d\u00e8s ses premiers mots, qu\u2019il fallait faire avec peu, ne disant rien des questions sociales, ajoutant quelques clins d\u2019\u0153il r\u00e9actionnaires appuy\u00e9s. Un cap en totale d\u00e9connexion avec les urgences sociales, \u00e9conomiques et environnementales du pays.<\/p>\n\n\n\n<p><br>Sur le plan budg\u00e9taire, Michel Barnier s\u2019est content\u00e9 d\u2019annoncer quelques toilettages de la politique de l\u2019offre men\u00e9e depuis 2017. Il a indiqu\u00e9 vouloir mettre \u00e0 contribution de mani\u00e8re exceptionnelle les contribuables les plus riches et \u00ab\u2009les grandes et tr\u00e8s grandes entreprises qui r\u00e9alisent des profits importants\u2009\u00bb. Mais \u00ab\u2009en m\u00eame temps\u2009\u00bb, il a presque ajout\u00e9 que le \u00ab\u2009premier rem\u00e8de\u2009\u00bb au d\u00e9ficit sera toujours la r\u00e9duction des d\u00e9penses.<\/p>\n\n\n\n<p><br>R\u00e9v\u00e9lateur et irresponsable quand on conna\u00eet le r\u00f4le social de la d\u00e9pense publique\u2009! La justice fiscale ainsi claironn\u00e9e sera de tr\u00e8s faible ampleur. De nombreuses possibilit\u00e9s de nouvelles recettes fiscales p\u00e9rennes existent et permettraient un retour de la progressivit\u00e9 de l\u2019imp\u00f4t en taxant \u00e0 leur juste hauteur les revenus du capital et les supers h\u00e9ritages, en prenant en compte l\u2019empreinte carbone ou encore en taxant les superprofits des grandes entreprises.<br><\/p>\n\n\n\n<p>Sur les salaires, pas grand-chose, \u00e0 part la timide reconnaissance du ph\u00e9nom\u00e8ne de smicardisation et l\u2019avanc\u00e9e de deux mois de la revalorisation du SMIC. Concernant la revalorisation des r\u00e9mun\u00e9rations des agent\u00b7es publics\u00a0: silence assourdissant\u2009! Pas un mot concernant la valeur du point d\u2019indice ou l\u2019am\u00e9lioration des carri\u00e8res. D\u00e8s lors, les discours sur la proximit\u00e9 des services publics et sur la \u00ab\u2009politique de l\u2019\u00e9valuation\u2009\u00bb r\u00e9v\u00e8lent le retour d\u2019id\u00e9es bien connues comme l\u2019accroissement de la pression mise sur les personnels qui ont pourtant fait la preuve de leur nocivit\u00e9 pour les services publics et les agents. Michel Barnier s\u2019est m\u00eame lanc\u00e9 dans le grand concours des id\u00e9es absurdes, comme par exemple, le recours \u00e0 des enseignant\u00b7es retrait\u00e9\u00b7es pour assurer les remplacements ou le tutorat des jeunes enseignants.<\/p>\n\n\n\n<p><br>Concernant les retraites, la seule perspective d\u2019une \u00ab\u2009correction\u2009\u00bb \u00e0 la marge de la r\u00e9forme de 2023 ne r\u00e9pond en rien \u00e0 l\u2019aspiration exprim\u00e9e par le long mouvement social soutenu par la majorit\u00e9 du pays d\u2019une abrogation de la loi reculant de deux ann\u00e9es l\u2019\u00e2ge de d\u00e9part.<\/p>\n\n\n\n<p><br>La FSU s\u2019inqui\u00e8te d\u2019expressions r\u00e9actionnaires comme celle de \u00ab\u2009l\u2019excuse de minorit\u00e9\u2009\u00bb pour parler du sujet des mineurs justiciables, d\u2019affirmations non av\u00e9r\u00e9es comme \u00ab\u2009la mont\u00e9e continue de la violence des mineurs\u2009\u00bb, de la poursuite sans fin de la construction de places de prisons ou encore d\u2019un \u00e9ni\u00e8me tour de vis \u00e0 venir sur la politique migratoire.<\/p>\n\n\n\n<p><br>La FSU a cependant not\u00e9 que, face aux multiples r\u00e9actions, Michel Barnier a pris ses distances par rapport aux d\u00e9clarations de son ministre de l\u2019Int\u00e9rieur sur l\u2019\u00e9tat de droit et a r\u00e9affirm\u00e9 ne pas revenir sur les avanc\u00e9es majeures comme le droit \u00e0 l\u2019IVG, le mariage pour tous ou la PMA. La vigilance reste toutefois de mise sur ses sujets.<\/p>\n\n\n\n<p><br>La FSU a aussi not\u00e9 positivement que le projet de loi sur le d\u00e9gel du corps \u00e9lectoral en Kanaky-Nouvelle Cal\u00e9donie ne serait pas soumis au Parlement.<\/p>\n\n\n\n<p><br>Mais dans l\u2019ensemble, le Premier Ministre a livr\u00e9 un long discours peu engageant finalement, comme s\u2019il fallait camoufler le renforcement de l\u2019aust\u00e9rit\u00e9 et la poursuite des politiques n\u00e9olib\u00e9rales sous la menace permanente d\u2019une extr\u00eame droite en voie de banalisation.<\/p>\n\n\n\n<p><br>La FSU poursuivra son travail d\u2019information et de mobilisation pour un budget orient\u00e9 vers la justice sociale et les urgences sociales, \u00e9conomiques et environnementales du pays.<\/p>\n\n\n\n<p class=\"has-text-align-right\"><br><em>Bagnolet, le 1\u1d49\u02b3\u00a0octobre 2024<\/em><\/p>\n\n\n\n<p><\/p>\n<div class=\"seriesmeta\">Cet article est la rubrique 3 sur 8 du Convergences <a href=\"https:\/\/convergences.snasub.fr\/index.php\/series\/numero-300-octobre-2024\/\" class=\"series-31\" title=\"N\u00b0 300 \u2014 Octobre 2024\">N\u00b0 300 \u2014 Octobre 2024<\/a><\/div>  <br>","protected":false},"excerpt":{"rendered":"<p>En guise de discours de politique g\u00e9n\u00e9rale, Michel Barnier a surtout confirm\u00e9 le cap de l\u2019aust\u00e9rit\u00e9, affirmant d\u00e8s ses premiers mots, qu\u2019il fallait faire avec peu, ne disant rien des questions sociales, ajoutant quelques clins d\u2019\u0153il r\u00e9actionnaires appuy\u00e9s. Un cap en totale d\u00e9connexion avec les urgences sociales, \u00e9conomiques et environnementales du pays. Sur le plan [&hellip;]<\/p>\n<div class=\"seriesmeta\">Cet article est la rubrique 3 de 8 du Convergences <a href=\"https:\/\/convergences.snasub.fr\/index.php\/series\/numero-300-octobre-2024\/\" class=\"series-31\" title=\"N\u00b0 300 \u2014 Octobre 2024\">N\u00b0 300 \u2014 Octobre 2024<\/a><\/div>  <br>","protected":false},"author":1,"featured_media":0,"comment_status":"closed","ping_status":"open","sticky":false,"template":"","format":"standard","meta":{"ocean_post_layout":"","ocean_both_sidebars_style":"","ocean_both_sidebars_content_width":0,"ocean_both_sidebars_sidebars_width":0,"ocean_sidebar":"","ocean_second_sidebar":"","ocean_disable_margins":"enable","ocean_add_body_class":"","ocean_shortcode_before_top_bar":"","ocean_shortcode_after_top_bar":"","ocean_shortcode_before_header":"","ocean_shortcode_after_header":"","ocean_has_shortcode":"","ocean_shortcode_after_title":"","ocean_shortcode_before_footer_widgets":"","ocean_shortcode_after_footer_widgets":"","ocean_shortcode_before_footer_bottom":"","ocean_shortcode_after_footer_bottom":"","ocean_display_top_bar":"default","ocean_display_header":"default","ocean_header_style":"","ocean_center_header_left_menu":"","ocean_custom_header_template":"","ocean_custom_logo":0,"ocean_custom_retina_logo":0,"ocean_custom_logo_max_width":0,"ocean_custom_logo_tablet_max_width":0,"ocean_custom_logo_mobile_max_width":0,"ocean_custom_logo_max_height":0,"ocean_custom_logo_tablet_max_height":0,"ocean_custom_logo_mobile_max_height":0,"ocean_header_custom_menu":"","ocean_menu_typo_font_family":"","ocean_menu_typo_font_subset":"","ocean_menu_typo_font_size":0,"ocean_menu_typo_font_size_tablet":0,"ocean_menu_typo_font_size_mobile":0,"ocean_menu_typo_font_size_unit":"px","ocean_menu_typo_font_weight":"","ocean_menu_typo_font_weight_tablet":"","ocean_menu_typo_font_weight_mobile":"","ocean_menu_typo_transform":"","ocean_menu_typo_transform_tablet":"","ocean_menu_typo_transform_mobile":"","ocean_menu_typo_line_height":0,"ocean_menu_typo_line_height_tablet":0,"ocean_menu_typo_line_height_mobile":0,"ocean_menu_typo_line_height_unit":"","ocean_menu_typo_spacing":0,"ocean_menu_typo_spacing_tablet":0,"ocean_menu_typo_spacing_mobile":0,"ocean_menu_typo_spacing_unit":"","ocean_menu_link_color":"","ocean_menu_link_color_hover":"","ocean_menu_link_color_active":"","ocean_menu_link_background":"","ocean_menu_link_hover_background":"","ocean_menu_link_active_background":"","ocean_menu_social_links_bg":"","ocean_menu_social_hover_links_bg":"","ocean_menu_social_links_color":"","ocean_menu_social_hover_links_color":"","ocean_disable_title":"default","ocean_disable_heading":"default","ocean_post_title":"","ocean_post_subheading":"","ocean_post_title_style":"","ocean_post_title_background_color":"","ocean_post_title_background":0,"ocean_post_title_bg_image_position":"","ocean_post_title_bg_image_attachment":"","ocean_post_title_bg_image_repeat":"","ocean_post_title_bg_image_size":"","ocean_post_title_height":0,"ocean_post_title_bg_overlay":0.5,"ocean_post_title_bg_overlay_color":"","ocean_disable_breadcrumbs":"default","ocean_breadcrumbs_color":"","ocean_breadcrumbs_separator_color":"","ocean_breadcrumbs_links_color":"","ocean_breadcrumbs_links_hover_color":"","ocean_display_footer_widgets":"default","ocean_display_footer_bottom":"default","ocean_custom_footer_template":"","ocean_post_oembed":"","ocean_post_self_hosted_media":"","ocean_post_video_embed":"","ocean_link_format":"","ocean_link_format_target":"self","ocean_quote_format":"","ocean_quote_format_link":"post","ocean_gallery_link_images":"on","ocean_gallery_id":[],"footnotes":""},"categories":[32,3],"tags":[],"series":[31],"post_folder":[],"class_list":["post-530","post","type-post","status-publish","format-standard","hentry","category-300-octobre-2024","category-actualites","series-numero-300-octobre-2024","entry"],"_links":{"self":[{"href":"https:\/\/convergences.snasub.fr\/index.php\/wp-json\/wp\/v2\/posts\/530","targetHints":{"allow":["GET"]}}],"collection":[{"href":"https:\/\/convergences.snasub.fr\/index.php\/wp-json\/wp\/v2\/posts"}],"about":[{"href":"https:\/\/convergences.snasub.fr\/index.php\/wp-json\/wp\/v2\/types\/post"}],"author":[{"embeddable":true,"href":"https:\/\/convergences.snasub.fr\/index.php\/wp-json\/wp\/v2\/users\/1"}],"replies":[{"embeddable":true,"href":"https:\/\/convergences.snasub.fr\/index.php\/wp-json\/wp\/v2\/comments?post=530"}],"version-history":[{"count":2,"href":"https:\/\/convergences.snasub.fr\/index.php\/wp-json\/wp\/v2\/posts\/530\/revisions"}],"predecessor-version":[{"id":532,"href":"https:\/\/convergences.snasub.fr\/index.php\/wp-json\/wp\/v2\/posts\/530\/revisions\/532"}],"wp:attachment":[{"href":"https:\/\/convergences.snasub.fr\/index.php\/wp-json\/wp\/v2\/media?parent=530"}],"wp:term":[{"taxonomy":"category","embeddable":true,"href":"https:\/\/convergences.snasub.fr\/index.php\/wp-json\/wp\/v2\/categories?post=530"},{"taxonomy":"post_tag","embeddable":true,"href":"https:\/\/convergences.snasub.fr\/index.php\/wp-json\/wp\/v2\/tags?post=530"},{"taxonomy":"series","embeddable":true,"href":"https:\/\/convergences.snasub.fr\/index.php\/wp-json\/wp\/v2\/series?post=530"},{"taxonomy":"post_folder","embeddable":true,"href":"https:\/\/convergences.snasub.fr\/index.php\/wp-json\/wp\/v2\/post_folder?post=530"}],"curies":[{"name":"wp","href":"https:\/\/api.w.org\/{rel}","templated":true}]}}