{"id":1601,"date":"2026-04-29T16:45:52","date_gmt":"2026-04-29T14:45:52","guid":{"rendered":"https:\/\/convergences.snasub.fr\/?p=1601"},"modified":"2026-04-29T16:45:52","modified_gmt":"2026-04-29T14:45:52","slug":"arret-de-linstitut-regional-doccitanie-a-luniversite-toulouse-jean-jaures-qui-veut-tuer-son-chien-laccuse-davoir-la-rage","status":"publish","type":"post","link":"https:\/\/convergences.snasub.fr\/index.php\/2026\/04\/29\/arret-de-linstitut-regional-doccitanie-a-luniversite-toulouse-jean-jaures-qui-veut-tuer-son-chien-laccuse-davoir-la-rage\/","title":{"rendered":"Arr\u00eat de l\u2019Institut R\u00e9gional d\u2019Occitanie \u00e0 l\u2019universit\u00e9 Toulouse-Jean-Jaur\u00e8s : qui veut tuer son chien, l\u2019accuse d\u2019avoir la rage"},"content":{"rendered":"\n<blockquote class=\"wp-block-quote is-layout-flow wp-block-quote-is-layout-flow\">\n<p><strong>Depuis maintenant pr\u00e8s de 4 ans la direction de l&rsquo;universit\u00e9 Toulouse Jean Jaur\u00e8s, et finalement avec l&rsquo;appui du minist\u00e8re de l&rsquo;Enseignement Sup\u00e9rieur et de la Recherche (ESR) a d\u00e9cid\u00e9 de tout mettre en \u0153uvre pour d\u00e9truire l&rsquo;Institut R\u00e9gional du Travail d\u2019Occitanie (IRT).<\/strong><\/p>\n<\/blockquote>\n\n\n\n<p>Apr\u00e8s avoir emp\u00each\u00e9 l\u2019IRT d\u2019\u00e9lire une direction d\u2019institut en 2021, puis supprim\u00e9 le seul poste d\u2019enseignant-chercheur en 2022, gel\u00e9 l\u2019accord contrat de plan \u00c9tat-R\u00e9gion qui d\u00e9veloppait une antenne de l\u2019IRT \u00e0 Montpellier (100 000 euros de subvention), la direction de l\u2019universit\u00e9 a m\u00e9thodiquement sabot\u00e9 les n\u00e9gociations avec les organisations syndicales qui se sont ouvertes sous l\u2019\u00e9gide du recteur d\u00e9l\u00e9gu\u00e9 de l\u2019ESR. Dans le m\u00eame temps, elle a lanc\u00e9 une grande campagne de d\u00e9nigrement de l\u2019IRT, de ses missions, de ses enseignements, de son \u00e9quipe, au sein de l\u2019universit\u00e9 et \u00e0 l\u2019ext\u00e9rieur d\u00e8s 2021. Aujourd\u2019hui, se cachant derri\u00e8re un rapport d\u2019audit du minist\u00e8re de l\u2019ESR, aussi partial que partiel, et reprenant in extenso le discours de la direction de l\u2019universit\u00e9, la pr\u00e9sidente de l\u2019Universit\u00e9 Toulouse Jean Jaur\u00e8s peut enfin annoncer la suspension des activit\u00e9s de l\u2019IRT et r\u00e9ussit \u00e0 lui porter un coup qu\u2019elle pense fatal.<\/p>\n\n\n\n<p>Et c\u2019est ainsi que vendredi 1\u1d49\u02b3 mai 2026, sur son ordre, l\u2019IRT suspendra sine die l\u2019ensemble de ses activit\u00e9s et de ses missions. Toutes les formations sociales, environnementales et syndicales qui devaient \u00eatre assur\u00e9es jusqu\u2019en d\u00e9cembre 2026 seront annul\u00e9es, l\u2019accompagnement \u00e0 la Validation des Acquis et de l\u2019Exp\u00e9rience de dizaines de candidat\u00b7es syndicalistes, associatifs et \u00e9lu\u00b7es territoriaux s\u2019arr\u00eatera. Et les contrats de travail des salari\u00e9es qui ne seront pas renouvel\u00e9s, ils prendront fin eux aussi au premier mai.<\/p>\n\n\n\n<p>La fermeture programm\u00e9e de l\u2019IRT, avec l\u2019assentiment du minist\u00e8re de l\u2019ESR, ne doit pas nous surprendre. Elle s\u2019inscrit dans l\u2019acc\u00e9l\u00e9ration et la radicalisation des attaques de plus en plus brutales contre l\u2019universit\u00e9 publique men\u00e9es par le gouvernement Macron et dont la pr\u00e9sidente se fait le relais. Des attaques budg\u00e9taires et organisationnelles comme nous le voyons aujourd\u2019hui avec la suppression drastique des moyens de toutes les composantes de l\u2019UT2J. Des attaques politiques avec la volont\u00e9 d\u2019initier des chasses aux sorci\u00e8res contre les savoirs \u00e9mancipateurs et d\u2019instaurer une chappe de plomb sur la communaut\u00e9 universitaire. Contrairement \u00e0 ce que voudrait faire croire celle qui se pr\u00e9sente comme un rempart face \u00e0 la \u00ab trumpisation \u00bb du monde et \u00e0 l\u2019attaque g\u00e9n\u00e9ralis\u00e9e contre les sciences, la pr\u00e9sidente de l\u2019UT2J, dans l\u2019atmosph\u00e8re feutr\u00e9e des minist\u00e8res ou de son bureau, n\u2019h\u00e9site pas \u00e0 \u00e9craser de tout son m\u00e9pris un institut dont le principe premier \u00e9tait celui de l\u2019\u00e9ducation populaire et \u00e9mancipatrice au service des salari\u00e9.es et des responsables syndicaux. Car au fond, au-del\u00e0 des mensonges et des contre-v\u00e9rit\u00e9s ass\u00e9n\u00e9es depuis des mois, ce qui est reproch\u00e9 \u00e0 l\u2019IRT, c\u2019est d\u2019\u00eatre un institut universitaire pas comme les autres car co-dirig\u00e9 par des organisations syndicales et dont les formations sont coconstruites avec elles.<\/p>\n\n\n\n<p>Plut\u00f4t que de s\u2019opposer \u00e0 un gouvernement qui n\u2019a qu\u2019un seul objectif, d\u00e9truire l\u2019universit\u00e9 publique, la pr\u00e9sidente de l\u2019Universit\u00e9 Toulouse Jean Jaur\u00e8s pr\u00e9f\u00e8re abattre l\u2019IRT un 1\u1d49\u02b3-Mai, journ\u00e9e internationale des travailleuses et des travailleurs. Quel glorieux tableau de chasse !<\/p>\n\n\n\n<p>Le SNASUB-FSU, avec l\u2019intersyndicale de l\u2019UT2J et l\u2019ensemble des organisations syndicales administratrices de l\u2019IRT et de son \u00e9quipe, ne laissera rien passer. Nous combattrons avec d\u00e9termination cette attaque inacceptable. La pr\u00e9sidente de l\u2019universit\u00e9 devra en assumer toutes les cons\u00e9quences politiques jusqu\u2019au dernier jour de son mandat. Il s\u2019agit d\u2019une atteinte grave et intol\u00e9rable aux libert\u00e9s syndicales, et nous refusons qu\u2019elle ouvre la voie \u00e0 une remise en cause plus large des IRT sur l\u2019ensemble du territoire.<\/p>\n\n\n\n<p>La p\u00e9tition : <a href=\"https:\/\/framapetitions.org\/petition\/user\/SAUVER.IRT\/il-faut-sauver-linstitut-regional-du-travail-doccitanie\">https:\/\/framapetitions.org\/petition\/user\/SAUVER.IRT\/il-faut-sauver-linstitut-regional-du-travail-doccitanie<\/a><\/p>\n<div class=\"seriesmeta\">Cet article est la rubrique 15 sur 15 du Convergences <a href=\"https:\/\/convergences.snasub.fr\/index.php\/series\/n-313-mars-avril-2026\/\" class=\"series-155\" title=\"N\u00b0 313 \u2014 Mars-avril 2026\">N\u00b0 313 \u2014 Mars-avril 2026<\/a><\/div>  <br>","protected":false},"excerpt":{"rendered":"<p>Depuis maintenant pr\u00e8s de 4 ans la direction de l&rsquo;universit\u00e9 Toulouse Jean Jaur\u00e8s, et finalement avec l&rsquo;appui du minist\u00e8re de l&rsquo;Enseignement Sup\u00e9rieur et de la Recherche (ESR) a d\u00e9cid\u00e9 de tout mettre en \u0153uvre pour d\u00e9truire l&rsquo;Institut R\u00e9gional du Travail d\u2019Occitanie (IRT). Apr\u00e8s avoir emp\u00each\u00e9 l\u2019IRT d\u2019\u00e9lire une direction d\u2019institut en 2021, puis supprim\u00e9 le [&hellip;]<\/p>\n<div class=\"seriesmeta\">Cet article est la rubrique 15 de 15 du Convergences <a href=\"https:\/\/convergences.snasub.fr\/index.php\/series\/n-313-mars-avril-2026\/\" class=\"series-155\" title=\"N\u00b0 313 \u2014 Mars-avril 2026\">N\u00b0 313 \u2014 Mars-avril 2026<\/a><\/div>  <br>","protected":false},"author":1,"featured_media":0,"comment_status":"open","ping_status":"open","sticky":false,"template":"","format":"standard","meta":{"ocean_post_layout":"","ocean_both_sidebars_style":"","ocean_both_sidebars_content_width":0,"ocean_both_sidebars_sidebars_width":0,"ocean_sidebar":"","ocean_second_sidebar":"","ocean_disable_margins":"enable","ocean_add_body_class":"","ocean_shortcode_before_top_bar":"","ocean_shortcode_after_top_bar":"","ocean_shortcode_before_header":"","ocean_shortcode_after_header":"","ocean_has_shortcode":"","ocean_shortcode_after_title":"","ocean_shortcode_before_footer_widgets":"","ocean_shortcode_after_footer_widgets":"","ocean_shortcode_before_footer_bottom":"","ocean_shortcode_after_footer_bottom":"","ocean_display_top_bar":"default","ocean_display_header":"default","ocean_header_style":"","ocean_center_header_left_menu":"","ocean_custom_header_template":"","ocean_custom_logo":0,"ocean_custom_retina_logo":0,"ocean_custom_logo_max_width":0,"ocean_custom_logo_tablet_max_width":0,"ocean_custom_logo_mobile_max_width":0,"ocean_custom_logo_max_height":0,"ocean_custom_logo_tablet_max_height":0,"ocean_custom_logo_mobile_max_height":0,"ocean_header_custom_menu":"","ocean_menu_typo_font_family":"","ocean_menu_typo_font_subset":"","ocean_menu_typo_font_size":0,"ocean_menu_typo_font_size_tablet":0,"ocean_menu_typo_font_size_mobile":0,"ocean_menu_typo_font_size_unit":"px","ocean_menu_typo_font_weight":"","ocean_menu_typo_font_weight_tablet":"","ocean_menu_typo_font_weight_mobile":"","ocean_menu_typo_transform":"","ocean_menu_typo_transform_tablet":"","ocean_menu_typo_transform_mobile":"","ocean_menu_typo_line_height":0,"ocean_menu_typo_line_height_tablet":0,"ocean_menu_typo_line_height_mobile":0,"ocean_menu_typo_line_height_unit":"","ocean_menu_typo_spacing":0,"ocean_menu_typo_spacing_tablet":0,"ocean_menu_typo_spacing_mobile":0,"ocean_menu_typo_spacing_unit":"","ocean_menu_link_color":"","ocean_menu_link_color_hover":"","ocean_menu_link_color_active":"","ocean_menu_link_background":"","ocean_menu_link_hover_background":"","ocean_menu_link_active_background":"","ocean_menu_social_links_bg":"","ocean_menu_social_hover_links_bg":"","ocean_menu_social_links_color":"","ocean_menu_social_hover_links_color":"","ocean_disable_title":"default","ocean_disable_heading":"default","ocean_post_title":"","ocean_post_subheading":"","ocean_post_title_style":"","ocean_post_title_background_color":"","ocean_post_title_background":0,"ocean_post_title_bg_image_position":"","ocean_post_title_bg_image_attachment":"","ocean_post_title_bg_image_repeat":"","ocean_post_title_bg_image_size":"","ocean_post_title_height":0,"ocean_post_title_bg_overlay":0.5,"ocean_post_title_bg_overlay_color":"","ocean_disable_breadcrumbs":"default","ocean_breadcrumbs_color":"","ocean_breadcrumbs_separator_color":"","ocean_breadcrumbs_links_color":"","ocean_breadcrumbs_links_hover_color":"","ocean_display_footer_widgets":"default","ocean_display_footer_bottom":"default","ocean_custom_footer_template":"","ocean_post_oembed":"","ocean_post_self_hosted_media":"","ocean_post_video_embed":"","ocean_link_format":"","ocean_link_format_target":"self","ocean_quote_format":"","ocean_quote_format_link":"post","ocean_gallery_link_images":"on","ocean_gallery_id":[],"footnotes":""},"categories":[154,49],"tags":[],"series":[155],"post_folder":[],"class_list":["post-1601","post","type-post","status-publish","format-standard","hentry","category-313-mars-avril-2026","category-vie-des-academies","series-n-313-mars-avril-2026","entry"],"_links":{"self":[{"href":"https:\/\/convergences.snasub.fr\/index.php\/wp-json\/wp\/v2\/posts\/1601","targetHints":{"allow":["GET"]}}],"collection":[{"href":"https:\/\/convergences.snasub.fr\/index.php\/wp-json\/wp\/v2\/posts"}],"about":[{"href":"https:\/\/convergences.snasub.fr\/index.php\/wp-json\/wp\/v2\/types\/post"}],"author":[{"embeddable":true,"href":"https:\/\/convergences.snasub.fr\/index.php\/wp-json\/wp\/v2\/users\/1"}],"replies":[{"embeddable":true,"href":"https:\/\/convergences.snasub.fr\/index.php\/wp-json\/wp\/v2\/comments?post=1601"}],"version-history":[{"count":4,"href":"https:\/\/convergences.snasub.fr\/index.php\/wp-json\/wp\/v2\/posts\/1601\/revisions"}],"predecessor-version":[{"id":1605,"href":"https:\/\/convergences.snasub.fr\/index.php\/wp-json\/wp\/v2\/posts\/1601\/revisions\/1605"}],"wp:attachment":[{"href":"https:\/\/convergences.snasub.fr\/index.php\/wp-json\/wp\/v2\/media?parent=1601"}],"wp:term":[{"taxonomy":"category","embeddable":true,"href":"https:\/\/convergences.snasub.fr\/index.php\/wp-json\/wp\/v2\/categories?post=1601"},{"taxonomy":"post_tag","embeddable":true,"href":"https:\/\/convergences.snasub.fr\/index.php\/wp-json\/wp\/v2\/tags?post=1601"},{"taxonomy":"series","embeddable":true,"href":"https:\/\/convergences.snasub.fr\/index.php\/wp-json\/wp\/v2\/series?post=1601"},{"taxonomy":"post_folder","embeddable":true,"href":"https:\/\/convergences.snasub.fr\/index.php\/wp-json\/wp\/v2\/post_folder?post=1601"}],"curies":[{"name":"wp","href":"https:\/\/api.w.org\/{rel}","templated":true}]}}