{"id":1595,"date":"2026-04-29T16:45:52","date_gmt":"2026-04-29T14:45:52","guid":{"rendered":"https:\/\/convergences.snasub.fr\/?p=1595"},"modified":"2026-04-29T16:45:52","modified_gmt":"2026-04-29T14:45:52","slug":"notre-sante-nest-pas-une-variable-dajustement","status":"publish","type":"post","link":"https:\/\/convergences.snasub.fr\/index.php\/2026\/04\/29\/notre-sante-nest-pas-une-variable-dajustement\/","title":{"rendered":"Notre sant\u00e9 n\u2019est pas une variable d\u2019ajustement\u00a0!"},"content":{"rendered":"\n<p>Hexane, Ac\u00e9tamipride\u2026 Ces noms font r\u00e9guli\u00e8rement la une des journaux. Ils appartiennent \u00e0 la cat\u00e9gorie des substances dites CMR \u2013 canc\u00e9rog\u00e8nes, mutag\u00e8nes, reprotoxiques \u2013 utilis\u00e9es par l\u2019agrochimie pour traiter les cultures ou pour extraire des huiles alimentaires. Chacun comprend l\u2019inqui\u00e9tude l\u00e9gitime suscit\u00e9e par leur pr\u00e9sence potentielle dans notre alimentation.<\/p>\n\n\n\n<p>Personne ne souhaite en consommer. Personne n\u2019accepterait d\u2019y \u00eatre expos\u00e9 quotidiennement sans protection adapt\u00e9e.<\/p>\n\n\n\n<p><strong>Pourtant, dans de nombreux laboratoires des lyc\u00e9es et coll\u00e8ges,<\/strong> ces produits \u2013 ou d\u2019autres Agents Chimiques Dangereux (ACD) \u2013 sont manipul\u00e9s chaque jour, notamment par des personnels techniques de laboratoire. \u00c0 la diff\u00e9rence du grand public, nous avons acc\u00e8s aux fiches de donn\u00e9es de s\u00e9curit\u00e9. Nous savons ce que nous pesons, diluons, m\u00e9langeons. Nous connaissons les pictogrammes de danger, les mentions H, les risques d\u2019inhalation, de p\u00e9n\u00e9tration cutan\u00e9e, d\u2019effets diff\u00e9r\u00e9s sur la sant\u00e9.<\/p>\n\n\n\n<p><strong>Mais savoir ne suffit pas \u00e0 prot\u00e9ger.<\/strong><\/p>\n\n\n\n<p>Lors des op\u00e9rations de pes\u00e9e, les particules et vapeurs peuvent se retrouver en suspension dans l\u2019air. Sans masque FFP3, sans appareil \u00e0 cartouches adapt\u00e9es, sans gants r\u00e9ellement adapt\u00e9s pour emp\u00eacher la perm\u00e9ation cutan\u00e9e, l\u2019exposition devient une r\u00e9alit\u00e9. Ces manipulations devraient \u00eatre r\u00e9alis\u00e9es dans des locaux d\u00e9di\u00e9s, ferm\u00e9s, sans pr\u00e9sence de personnels non \u00e9quip\u00e9s. Or, trop souvent, la balance se trouve dans un espace partag\u00e9, parfois au c\u0153ur m\u00eame d\u2019une salle fr\u00e9quent\u00e9e par des enseignants et d\u2019autres coll\u00e8gues non prot\u00e9g\u00e9s.<\/p>\n\n\n\n<p><strong>La r\u00e9glementation interdit l\u2019exposition des femmes enceintes ou allaitantes \u00e0 certaines de ces substances.<\/strong> Pourtant, les campagnes d\u2019information sont inexistantes ou insuffisantes. Les protocoles CMR sp\u00e9cifiques sont rares. La responsabilit\u00e9 de s\u2019informer, d\u2019anticiper, d\u2019\u00e9valuer le risque repose de fait sur les personnels eux-m\u00eames.<\/p>\n\n\n\n<p><strong>Nous sommes somm\u00e9\u00b7es d\u2019assurer notre propre veille r\u00e9glementaire,<\/strong> sans reconnaissance statutaire \u00e0 la hauteur des comp\u00e9tences mobilis\u00e9es. Occupant majoritairement des emplois class\u00e9s en cat\u00e9gorie C, ces personnels techniques de ces laboratoires sont encore trop souvent consid\u00e9r\u00e9.es comme de simples ex\u00e9cutant\u00b7es. Or, nous manipulons des substances \u00e0 haut risque, nous g\u00e9rons des stocks chimiques, nous participons \u00e0 la pr\u00e9vention des accidents. Cette contradiction est intenable.<\/p>\n\n\n\n<p><strong>La cha\u00eene hi\u00e9rarchique actuelle ne nous permet pas toujours d\u2019\u00eatre pleinement acteurs<\/strong> de notre sant\u00e9 et de notre pr\u00e9vention. Faire intervenir une entreprise habilit\u00e9e pour nettoyer les sorbonnes et les syst\u00e8mes de ventilation, renouveler les filtres, remplacer des armoires de s\u00e9curit\u00e9, organiser l\u2019\u00e9vacuation des d\u00e9chets chimiques et biologiques (DASRI), commander des \u00e9quipements de protection individuelle\u2009: autant de d\u00e9marches qui rel\u00e8vent trop souvent du parcours du combattant.<\/p>\n\n\n\n<p>\u00c0 chaque \u00e9tape, la m\u00eame r\u00e9ponse implicite\u2009: cela a un co\u00fbt. Dans un contexte de budgets contraints, la sant\u00e9 au travail devient donc une variable d\u2019ajustement budg\u00e9taire.<\/p>\n\n\n\n<p><strong>Nous refusons cette logique.<\/strong><\/p>\n\n\n\n<p>Nous ne demandons pas l\u2019arr\u00eat de nos activit\u00e9s, li\u00e9es \u00e0 l\u2019activit\u00e9 p\u00e9dagogique au service de nos \u00e9l\u00e8ves.<\/p>\n\n\n\n<p><strong>NON, nous demandons plut\u00f4t l\u2019\u00e9laboration et la mise en \u0153uvre d\u2019un plan z\u00e9ro CMR,<\/strong> fond\u00e9 sur la substitution syst\u00e9matique lorsque cela est possible, sur des investissements r\u00e9els dans les \u00e9quipements collectifs de protection, sur des protocoles clairs et opposables, sur des formations obligatoires et r\u00e9guli\u00e8res.<\/p>\n\n\n\n<p><strong>Nous demandons que les pes\u00e9es de substances CMR soient r\u00e9alis\u00e9es dans des locaux d\u00e9di\u00e9s et ventil\u00e9s,<\/strong> que les \u00e9quipements de protection individuelle (EPI) adapt\u00e9s soient fournis sans discussion ni entrave, que les syst\u00e8mes de ventilation soient contr\u00f4l\u00e9s et entretenus, que les d\u00e9chets soient \u00e9vacu\u00e9s selon les normes, que les personnels vuln\u00e9rables soient effectivement prot\u00e9g\u00e9\u00b7es.<\/p>\n\n\n\n<p>Nous demandons \u00e9galement la requalification de nos m\u00e9tiers. La reconnaissance statutaire n\u2019est pas une revendication symbolique\u2009: elle conditionne notre capacit\u00e9 \u00e0 discuter des choix professionnels, \u00e0 faire valoir notre expertise, \u00e0 faire respecter des conditions de travail compatibles avec les risques encourus.<\/p>\n\n\n\n<p>Notre engagement professionnel est total. Nous assurons la continuit\u00e9 des activit\u00e9s p\u00e9dagogiques et scientifiques. Nous garantissons la pr\u00e9paration des travaux pratiques, la gestion des produits, la s\u00e9curit\u00e9 des \u00e9l\u00e8ves et des personnels.<\/p>\n\n\n\n<p>En retour, nous exigeons un environnement professionnel \u00e0 la hauteur des risques et dangers auxquels nous sommes expos\u00e9s.<\/p>\n\n\n\n<p><strong>La sant\u00e9 au travail, ce n\u2019est pas n\u00e9gociable.<\/strong> Cela ne peut d\u00e9pendre de telle ou telle option budg\u00e9taire. C\u2019est un droit fondamental et cela s\u2019inscrit pleinement dans la pr\u00e9vention des maladies professionnelles<\/p>\n\n\n\n<p><\/p>\n<div class=\"seriesmeta\">Cet article est la rubrique 12 sur 15 du Convergences <a href=\"https:\/\/convergences.snasub.fr\/index.php\/series\/n-313-mars-avril-2026\/\" class=\"series-155\" title=\"N\u00b0 313 \u2014 Mars-avril 2026\">N\u00b0 313 \u2014 Mars-avril 2026<\/a><\/div>  <br>","protected":false},"excerpt":{"rendered":"<p>Hexane, Ac\u00e9tamipride\u2026 Ces noms font r\u00e9guli\u00e8rement la une des journaux. Ils appartiennent \u00e0 la cat\u00e9gorie des substances dites CMR \u2013 canc\u00e9rog\u00e8nes, mutag\u00e8nes, reprotoxiques \u2013 utilis\u00e9es par l\u2019agrochimie pour traiter les cultures ou pour extraire des huiles alimentaires. Chacun comprend l\u2019inqui\u00e9tude l\u00e9gitime suscit\u00e9e par leur pr\u00e9sence potentielle dans notre alimentation. Personne ne souhaite en consommer. Personne [&hellip;]<\/p>\n<div class=\"seriesmeta\">Cet article est la rubrique 12 de 15 du Convergences <a href=\"https:\/\/convergences.snasub.fr\/index.php\/series\/n-313-mars-avril-2026\/\" class=\"series-155\" title=\"N\u00b0 313 \u2014 Mars-avril 2026\">N\u00b0 313 \u2014 Mars-avril 2026<\/a><\/div>  <br>","protected":false},"author":1,"featured_media":0,"comment_status":"closed","ping_status":"open","sticky":false,"template":"","format":"standard","meta":{"ocean_post_layout":"","ocean_both_sidebars_style":"","ocean_both_sidebars_content_width":0,"ocean_both_sidebars_sidebars_width":0,"ocean_sidebar":"","ocean_second_sidebar":"","ocean_disable_margins":"enable","ocean_add_body_class":"","ocean_shortcode_before_top_bar":"","ocean_shortcode_after_top_bar":"","ocean_shortcode_before_header":"","ocean_shortcode_after_header":"","ocean_has_shortcode":"","ocean_shortcode_after_title":"","ocean_shortcode_before_footer_widgets":"","ocean_shortcode_after_footer_widgets":"","ocean_shortcode_before_footer_bottom":"","ocean_shortcode_after_footer_bottom":"","ocean_display_top_bar":"default","ocean_display_header":"default","ocean_header_style":"","ocean_center_header_left_menu":"","ocean_custom_header_template":"","ocean_custom_logo":0,"ocean_custom_retina_logo":0,"ocean_custom_logo_max_width":0,"ocean_custom_logo_tablet_max_width":0,"ocean_custom_logo_mobile_max_width":0,"ocean_custom_logo_max_height":0,"ocean_custom_logo_tablet_max_height":0,"ocean_custom_logo_mobile_max_height":0,"ocean_header_custom_menu":"","ocean_menu_typo_font_family":"","ocean_menu_typo_font_subset":"","ocean_menu_typo_font_size":0,"ocean_menu_typo_font_size_tablet":0,"ocean_menu_typo_font_size_mobile":0,"ocean_menu_typo_font_size_unit":"px","ocean_menu_typo_font_weight":"","ocean_menu_typo_font_weight_tablet":"","ocean_menu_typo_font_weight_mobile":"","ocean_menu_typo_transform":"","ocean_menu_typo_transform_tablet":"","ocean_menu_typo_transform_mobile":"","ocean_menu_typo_line_height":0,"ocean_menu_typo_line_height_tablet":0,"ocean_menu_typo_line_height_mobile":0,"ocean_menu_typo_line_height_unit":"","ocean_menu_typo_spacing":0,"ocean_menu_typo_spacing_tablet":0,"ocean_menu_typo_spacing_mobile":0,"ocean_menu_typo_spacing_unit":"","ocean_menu_link_color":"","ocean_menu_link_color_hover":"","ocean_menu_link_color_active":"","ocean_menu_link_background":"","ocean_menu_link_hover_background":"","ocean_menu_link_active_background":"","ocean_menu_social_links_bg":"","ocean_menu_social_hover_links_bg":"","ocean_menu_social_links_color":"","ocean_menu_social_hover_links_color":"","ocean_disable_title":"default","ocean_disable_heading":"default","ocean_post_title":"","ocean_post_subheading":"","ocean_post_title_style":"","ocean_post_title_background_color":"","ocean_post_title_background":0,"ocean_post_title_bg_image_position":"","ocean_post_title_bg_image_attachment":"","ocean_post_title_bg_image_repeat":"","ocean_post_title_bg_image_size":"","ocean_post_title_height":0,"ocean_post_title_bg_overlay":0.5,"ocean_post_title_bg_overlay_color":"","ocean_disable_breadcrumbs":"default","ocean_breadcrumbs_color":"","ocean_breadcrumbs_separator_color":"","ocean_breadcrumbs_links_color":"","ocean_breadcrumbs_links_hover_color":"","ocean_display_footer_widgets":"default","ocean_display_footer_bottom":"default","ocean_custom_footer_template":"","ocean_post_oembed":"","ocean_post_self_hosted_media":"","ocean_post_video_embed":"","ocean_link_format":"","ocean_link_format_target":"self","ocean_quote_format":"","ocean_quote_format_link":"post","ocean_gallery_link_images":"on","ocean_gallery_id":[],"footnotes":""},"categories":[154,60,12],"tags":[],"series":[155],"post_folder":[],"class_list":["post-1595","post","type-post","status-publish","format-standard","hentry","category-313-mars-avril-2026","category-etablissements-scolaires","category-secteur-labos","series-n-313-mars-avril-2026","entry"],"_links":{"self":[{"href":"https:\/\/convergences.snasub.fr\/index.php\/wp-json\/wp\/v2\/posts\/1595","targetHints":{"allow":["GET"]}}],"collection":[{"href":"https:\/\/convergences.snasub.fr\/index.php\/wp-json\/wp\/v2\/posts"}],"about":[{"href":"https:\/\/convergences.snasub.fr\/index.php\/wp-json\/wp\/v2\/types\/post"}],"author":[{"embeddable":true,"href":"https:\/\/convergences.snasub.fr\/index.php\/wp-json\/wp\/v2\/users\/1"}],"replies":[{"embeddable":true,"href":"https:\/\/convergences.snasub.fr\/index.php\/wp-json\/wp\/v2\/comments?post=1595"}],"version-history":[{"count":1,"href":"https:\/\/convergences.snasub.fr\/index.php\/wp-json\/wp\/v2\/posts\/1595\/revisions"}],"predecessor-version":[{"id":1596,"href":"https:\/\/convergences.snasub.fr\/index.php\/wp-json\/wp\/v2\/posts\/1595\/revisions\/1596"}],"wp:attachment":[{"href":"https:\/\/convergences.snasub.fr\/index.php\/wp-json\/wp\/v2\/media?parent=1595"}],"wp:term":[{"taxonomy":"category","embeddable":true,"href":"https:\/\/convergences.snasub.fr\/index.php\/wp-json\/wp\/v2\/categories?post=1595"},{"taxonomy":"post_tag","embeddable":true,"href":"https:\/\/convergences.snasub.fr\/index.php\/wp-json\/wp\/v2\/tags?post=1595"},{"taxonomy":"series","embeddable":true,"href":"https:\/\/convergences.snasub.fr\/index.php\/wp-json\/wp\/v2\/series?post=1595"},{"taxonomy":"post_folder","embeddable":true,"href":"https:\/\/convergences.snasub.fr\/index.php\/wp-json\/wp\/v2\/post_folder?post=1595"}],"curies":[{"name":"wp","href":"https:\/\/api.w.org\/{rel}","templated":true}]}}