{"id":1568,"date":"2026-04-29T16:45:52","date_gmt":"2026-04-29T14:45:52","guid":{"rendered":"https:\/\/convergences.snasub.fr\/?p=1568"},"modified":"2026-04-29T16:45:52","modified_gmt":"2026-04-29T14:45:52","slug":"flambee-des-prix-de-lenergie-il-faut-des-mesures-durgence-pour-les-personnels-de-la-fonction-publique","status":"publish","type":"post","link":"https:\/\/convergences.snasub.fr\/index.php\/2026\/04\/29\/flambee-des-prix-de-lenergie-il-faut-des-mesures-durgence-pour-les-personnels-de-la-fonction-publique\/","title":{"rendered":"Flamb\u00e9e des prix de l\u2019\u00e9nergie : il faut des mesures d\u2019urgence pour les personnels de la Fonction publique"},"content":{"rendered":"\n<p><em><strong>Communiqu\u00e9 de presse FSU<\/strong><\/em><\/p>\n\n\n\n<p>La guerre au Moyen-Orient, en plus des cons\u00e9quences tragiques pour les populations qui la subissent, a produit une augmentation brutale et massive des prix des \u00e9nergies, profitable aux multinationales qui les fournissent mais entrainant une hausse du co\u00fbt de la vie que le gouvernement laisse filer.<\/p>\n\n\n\n<p>Les personnels de la Fonction publique prennent de plein fouet les effets de cette nouvelle crise inflationniste qui ne fait que commencer. Les prix de l\u2019\u00e9nergie augmentent alors m\u00eame que les traitements indiciaires des agent\u00b7es ont perdu pr\u00e8s d\u2019un quart de leur valeur en euros constants en vingt-cinq ans ! C\u2019est l\u2019effet d\u2019une d\u00e9cennie de d\u00e9valorisation du point d\u2019indice au d\u00e9but des ann\u00e9es 2000, puis de quinze ann\u00e9es de gel de sa valeur en dehors de quelques mesures exceptionnelles. R\u00e9sultat, dans le contexte d\u2019augmentation brutale et incontr\u00f4l\u00e9e des prix de l\u2019essence, les agent\u00b7es publics vont devoir mettre encore la main \u00e0 la poche pour aller travailler au service de l\u2019int\u00e9r\u00eat g\u00e9n\u00e9ral.<\/p>\n\n\n\n<p>Sans mesure d\u2019urgence de la part du gouvernement, les personnels de cat\u00e9gorie C verront massivement leur traitement indiciaire passer sous le salaire minimum au moment de sa revalorisation en juillet, comme de nombreux agent\u22c5es de cat\u00e9gorie B, voire certain\u00b7es dans la cat\u00e9gorie A.<\/p>\n\n\n\n<p>Ainsi, si le SMIC augmente de 2 % au 1\u1d49\u02b3 juillet, une adjointe administrative ou technique au 3\u1d49 \u00e9chelon du troisi\u00e8me grade verra son traitement indiciaire brut devenir inf\u00e9rieur \u00e0 celui-ci de pr\u00e8s de 9 euros. Un technicien ou une secr\u00e9taire administrative au 2\u1d49 \u00e9chelon du deuxi\u00e8me grade sera r\u00e9mun\u00e9r\u00e9 en indiciaire \u00e0 plus de 4 euros en dessous du SMIC. Enfin un assistant ing\u00e9nieur recrut\u00e9 apr\u00e8s son dipl\u00f4me au moins \u00e0 bac+2 au 1\u1d49\u02b3 \u00e9chelon d\u00e9butera avec traitement indiciaire brut inf\u00e9rieur de plus de 23 euros au SMIC. Leurs m\u00e9tiers sont essentiels pour toute la soci\u00e9t\u00e9, ils doivent \u00eatre reconnus et justement r\u00e9mun\u00e9r\u00e9s. Il est urgent de redonner du sens \u00e0 leurs carri\u00e8res.<\/p>\n\n\n\n<p>Pour l\u2019heure, la seule r\u00e9ponse du ministre est d\u2019envisager le recours accru au t\u00e9l\u00e9travail. Un effet d\u2019annonce d\u00e9connect\u00e9 des r\u00e9alit\u00e9s : la plupart des m\u00e9tiers des services publics, notamment les moins r\u00e9mun\u00e9r\u00e9\u00b7es, se font sur le terrain, aux c\u00f4t\u00e9s de la population.<\/p>\n\n\n\n<p>La FSU attend des mesures fortes de ma\u00eetrise des prix, dont ceux de l\u2019\u00e9nergie, pour pr\u00e9server les conditions de vie des personnels et de l\u2019ensemble des salari\u00e9.es. Les moyens des services publics, n\u00e9cessaires amortisseurs des crises, doivent \u00eatre renforc\u00e9s.<\/p>\n\n\n\n<p>La FSU demande au gouvernement de prendre des mesures d\u2019urgences, comme premi\u00e8re \u00e9tape d\u2019un plan pluriannuel, aboutissant rapidement \u00e0 l\u2019attribution uniforme de 80 points (soit + 400 \u20ac mensuels) sur l\u2019ensemble de la grille indiciaire combin\u00e9e \u00e0 une revalorisation d\u2019au moins 20 % de la valeur du point d\u2019indice et d\u2019indexer imm\u00e9diatement celle-ci sur l\u2019indice des prix \u00e0 la consommation.<\/p>\n\n\n\n<p>Pour aller plus loin, elle demande \u00e9galement d\u2019engager sans tarder une n\u00e9gociation sur la revalorisation des carri\u00e8res et des r\u00e9mun\u00e9rations.<\/p>\n\n\n\n<p>L\u2019urgence est aussi de sortir de la d\u00e9pendance aux \u00e9nergies fossiles soumises aux al\u00e9as des tensions g\u00e9opolitiques et aux fluctuations des march\u00e9s. Notre mod\u00e8le \u00e9conomique et \u00e9nerg\u00e9tique p\u00e8se sur les plus bas revenus et accentue le changement climatique. Il est plus que temps d\u2019acc\u00e9l\u00e9rer la transition vers des \u00e9nergies renouvelables et de se diriger vers une gestion publique pour soustraire ce secteur des mains des sp\u00e9culateurs. Climat et pouvoir d\u2019achat, pour la FSU, c\u2019est un m\u00eame combat.<\/p>\n\n\n\n<p>La FSU appelle \u00e0 faire du 1\u1d49\u02b3-Mai une grande journ\u00e9e de mobilisation pour la paix, les droits des travailleuses et des travailleurs et leurs salaires.<\/p>\n\n\n\n<p>Les effets de la crise qui d\u00e9bute sur le pouvoir d\u2019achat et les conditions de vie des personnels doivent \u00eatre jugul\u00e9s d\u2019urgence !<\/p>\n<div class=\"seriesmeta\">Cet article est la rubrique 9 sur 15 du Convergences <a href=\"https:\/\/convergences.snasub.fr\/index.php\/series\/n-313-mars-avril-2026\/\" class=\"series-155\" title=\"N\u00b0 313 \u2014 Mars-avril 2026\">N\u00b0 313 \u2014 Mars-avril 2026<\/a><\/div>  <br>","protected":false},"excerpt":{"rendered":"<p>Communiqu\u00e9 de presse FSU La guerre au Moyen-Orient, en plus des cons\u00e9quences tragiques pour les populations qui la subissent, a produit une augmentation brutale et massive des prix des \u00e9nergies, profitable aux multinationales qui les fournissent mais entrainant une hausse du co\u00fbt de la vie que le gouvernement laisse filer. Les personnels de la Fonction [&hellip;]<\/p>\n<div class=\"seriesmeta\">Cet article est la rubrique 9 de 15 du Convergences <a href=\"https:\/\/convergences.snasub.fr\/index.php\/series\/n-313-mars-avril-2026\/\" class=\"series-155\" title=\"N\u00b0 313 \u2014 Mars-avril 2026\">N\u00b0 313 \u2014 Mars-avril 2026<\/a><\/div>  <br>","protected":false},"author":1,"featured_media":0,"comment_status":"closed","ping_status":"open","sticky":false,"template":"","format":"standard","meta":{"ocean_post_layout":"","ocean_both_sidebars_style":"","ocean_both_sidebars_content_width":0,"ocean_both_sidebars_sidebars_width":0,"ocean_sidebar":"","ocean_second_sidebar":"","ocean_disable_margins":"enable","ocean_add_body_class":"","ocean_shortcode_before_top_bar":"","ocean_shortcode_after_top_bar":"","ocean_shortcode_before_header":"","ocean_shortcode_after_header":"","ocean_has_shortcode":"","ocean_shortcode_after_title":"","ocean_shortcode_before_footer_widgets":"","ocean_shortcode_after_footer_widgets":"","ocean_shortcode_before_footer_bottom":"","ocean_shortcode_after_footer_bottom":"","ocean_display_top_bar":"default","ocean_display_header":"default","ocean_header_style":"","ocean_center_header_left_menu":"","ocean_custom_header_template":"","ocean_custom_logo":0,"ocean_custom_retina_logo":0,"ocean_custom_logo_max_width":0,"ocean_custom_logo_tablet_max_width":0,"ocean_custom_logo_mobile_max_width":0,"ocean_custom_logo_max_height":0,"ocean_custom_logo_tablet_max_height":0,"ocean_custom_logo_mobile_max_height":0,"ocean_header_custom_menu":"","ocean_menu_typo_font_family":"","ocean_menu_typo_font_subset":"","ocean_menu_typo_font_size":0,"ocean_menu_typo_font_size_tablet":0,"ocean_menu_typo_font_size_mobile":0,"ocean_menu_typo_font_size_unit":"px","ocean_menu_typo_font_weight":"","ocean_menu_typo_font_weight_tablet":"","ocean_menu_typo_font_weight_mobile":"","ocean_menu_typo_transform":"","ocean_menu_typo_transform_tablet":"","ocean_menu_typo_transform_mobile":"","ocean_menu_typo_line_height":0,"ocean_menu_typo_line_height_tablet":0,"ocean_menu_typo_line_height_mobile":0,"ocean_menu_typo_line_height_unit":"","ocean_menu_typo_spacing":0,"ocean_menu_typo_spacing_tablet":0,"ocean_menu_typo_spacing_mobile":0,"ocean_menu_typo_spacing_unit":"","ocean_menu_link_color":"","ocean_menu_link_color_hover":"","ocean_menu_link_color_active":"","ocean_menu_link_background":"","ocean_menu_link_hover_background":"","ocean_menu_link_active_background":"","ocean_menu_social_links_bg":"","ocean_menu_social_hover_links_bg":"","ocean_menu_social_links_color":"","ocean_menu_social_hover_links_color":"","ocean_disable_title":"default","ocean_disable_heading":"default","ocean_post_title":"","ocean_post_subheading":"","ocean_post_title_style":"","ocean_post_title_background_color":"","ocean_post_title_background":0,"ocean_post_title_bg_image_position":"","ocean_post_title_bg_image_attachment":"","ocean_post_title_bg_image_repeat":"","ocean_post_title_bg_image_size":"","ocean_post_title_height":0,"ocean_post_title_bg_overlay":0.5,"ocean_post_title_bg_overlay_color":"","ocean_disable_breadcrumbs":"default","ocean_breadcrumbs_color":"","ocean_breadcrumbs_separator_color":"","ocean_breadcrumbs_links_color":"","ocean_breadcrumbs_links_hover_color":"","ocean_display_footer_widgets":"default","ocean_display_footer_bottom":"default","ocean_custom_footer_template":"","ocean_post_oembed":"","ocean_post_self_hosted_media":"","ocean_post_video_embed":"","ocean_link_format":"","ocean_link_format_target":"self","ocean_quote_format":"","ocean_quote_format_link":"post","ocean_gallery_link_images":"on","ocean_gallery_id":[],"footnotes":""},"categories":[154,4],"tags":[156],"series":[155],"post_folder":[],"class_list":["post-1568","post","type-post","status-publish","format-standard","hentry","category-313-mars-avril-2026","category-dossier","tag-salaires","series-n-313-mars-avril-2026","entry"],"_links":{"self":[{"href":"https:\/\/convergences.snasub.fr\/index.php\/wp-json\/wp\/v2\/posts\/1568","targetHints":{"allow":["GET"]}}],"collection":[{"href":"https:\/\/convergences.snasub.fr\/index.php\/wp-json\/wp\/v2\/posts"}],"about":[{"href":"https:\/\/convergences.snasub.fr\/index.php\/wp-json\/wp\/v2\/types\/post"}],"author":[{"embeddable":true,"href":"https:\/\/convergences.snasub.fr\/index.php\/wp-json\/wp\/v2\/users\/1"}],"replies":[{"embeddable":true,"href":"https:\/\/convergences.snasub.fr\/index.php\/wp-json\/wp\/v2\/comments?post=1568"}],"version-history":[{"count":2,"href":"https:\/\/convergences.snasub.fr\/index.php\/wp-json\/wp\/v2\/posts\/1568\/revisions"}],"predecessor-version":[{"id":1570,"href":"https:\/\/convergences.snasub.fr\/index.php\/wp-json\/wp\/v2\/posts\/1568\/revisions\/1570"}],"wp:attachment":[{"href":"https:\/\/convergences.snasub.fr\/index.php\/wp-json\/wp\/v2\/media?parent=1568"}],"wp:term":[{"taxonomy":"category","embeddable":true,"href":"https:\/\/convergences.snasub.fr\/index.php\/wp-json\/wp\/v2\/categories?post=1568"},{"taxonomy":"post_tag","embeddable":true,"href":"https:\/\/convergences.snasub.fr\/index.php\/wp-json\/wp\/v2\/tags?post=1568"},{"taxonomy":"series","embeddable":true,"href":"https:\/\/convergences.snasub.fr\/index.php\/wp-json\/wp\/v2\/series?post=1568"},{"taxonomy":"post_folder","embeddable":true,"href":"https:\/\/convergences.snasub.fr\/index.php\/wp-json\/wp\/v2\/post_folder?post=1568"}],"curies":[{"name":"wp","href":"https:\/\/api.w.org\/{rel}","templated":true}]}}