{"id":1554,"date":"2026-04-29T16:45:52","date_gmt":"2026-04-29T14:45:52","guid":{"rendered":"https:\/\/convergences.snasub.fr\/?p=1554"},"modified":"2026-04-29T16:45:52","modified_gmt":"2026-04-29T14:45:52","slug":"audience-ministerielle-du-mardi-7-avril-la-conseillere-sociale-du-ministre-de-leducation-nationale-a-recu-le-snasub-fsu","status":"publish","type":"post","link":"https:\/\/convergences.snasub.fr\/index.php\/2026\/04\/29\/audience-ministerielle-du-mardi-7-avril-la-conseillere-sociale-du-ministre-de-leducation-nationale-a-recu-le-snasub-fsu\/","title":{"rendered":"Audience minist\u00e9rielle du mardi 7 avril\u00a0: la conseill\u00e8re sociale du ministre de l\u2019\u00c9ducation nationale a re\u00e7u le SNASUB-FSU"},"content":{"rendered":"\n<p><strong>La conseill\u00e8re sociale du ministre, en charge des ressources humaines \u2013 membre donc du cabinet du ministre \u2013 <\/strong>fut donc charg\u00e9e par lui de nous recevoir\u00a0; l\u2019entretien a dur\u00e9 pr\u00e8s de 1 heure 30 et nous avons pu aborder avec elle plusieurs sujets.<\/p>\n\n\n\n<p>En pr\u00e9ambule, la conseill\u00e8re a souhait\u00e9 nous dire que le ministre s\u2019exprimerait bient\u00f4t sur la demande r\u00e9currente des pr\u00e9sidents de r\u00e9gion ou de d\u00e9partements \u2013 relay\u00e9s r\u00e9cemment par des s\u00e9nateurs\u00b7trices \u2013 concernant la d\u00e9centralisation du statut des secr\u00e9taires g\u00e9n\u00e9raux d\u2019\u00e9tablissements scolaires. Et qu\u2019il souhaitait rassurer les personnels concern\u00e9.es.<\/p>\n\n\n\n<p><strong>Il est vrai que notre syndicat l\u2019avait interpel\u00e9e<\/strong> \u2013 entre autres \u2013 par un courrier commun sign\u00e9 par la secr\u00e9taire g\u00e9n\u00e9rale de la FSU, fin janvier dernier. Preuve que les affaires semblent suivies, m\u00eame avec retard\u00a0!<\/p>\n\n\n\n<p><strong>En pr\u00e9ambule de l\u2019entretien,<\/strong> nous avons \u00e9voqu\u00e9 les tr\u00e8s vives inqui\u00e9tudes des personnels de l\u2019ONISEP, percut\u00e9.es par une r\u00e9organisation de service brutale et pr\u00e9sent\u00e9e avec de trop nombreuses zones d\u2019ombre. Nous avons donc soutenu leur demande d\u2019audience aupr\u00e8s du ministre\u00a0dont le principe a \u00e9t\u00e9 \u00e9videmment accept\u00e9 par la conseill\u00e8re.<\/p>\n\n\n\n<p><strong>Puis, nous avons voulu, dans la perspective des discussions \u00e0 l\u2019ordre du jour des agendas sociaux<\/strong> (voir plus haut) rappeler aux ministres nos revendications principales, revendications toutes destin\u00e9es \u00e0 am\u00e9liorer les conditions de travail et de vie des personnels\u00a0: il nous faut gagner la reconstruction compl\u00e8te des grilles indiciaires des agent\u00b7es de nos fili\u00e8res, largement submerg\u00e9es par les hausses r\u00e9guli\u00e8res du SMIC\u00a0; il faudra int\u00e9grer nos indemnit\u00e9s revaloris\u00e9es dans ces m\u00eames grilles indiciaires\u00a0; il faudra aussi requalifier l\u2019ensemble des emplois occup\u00e9s aujourd\u2019hui par des coll\u00e8gues \u00e0 qui les directions confient des missions qui rel\u00e8vent du corps sup\u00e9rieur. L\u2019enjeu est majeur sur le sujet puisque le plan de requalification de la fili\u00e8re administrative du MEN est pr\u00e9vu pour s\u2019\u00e9teindre en 2026 alors que plusieurs milliers de coll\u00e8gues concern\u00e9\u00b7es en ont \u00e9t\u00e9 exclu\u00b7es\u00a0!<\/p>\n\n\n\n<p><strong>Une audience durant laquelle nous n\u2019avons pas renonc\u00e9<\/strong> \u00e0 r\u00e9clamer des (re)cr\u00e9ations d\u2019emplois pour nos fili\u00e8res tant les 100 nouveaux postes pr\u00e9vus pour les services en 2026 sont tr\u00e8s largement insuffisants\u2026 Et que dire des situations de sous-effectif qui touchent aussi les \u00e9quipes administratives ou des laboratoires de nos EPLE\u2026<\/p>\n\n\n\n<p>L\u00e0-encore, il s\u2019agissait de porter haut et fort les aspirations des personnels que nous repr\u00e9sentons. Et face au ministre ou devant sa conseill\u00e8re, le SNASUB-FSU est organis\u00e9 pour jouer pleinement son r\u00f4le\u00a0!<\/p>\n\n\n\n<p><strong>On n\u2019est finalement jamais aussi bien d\u00e9fendu que par celles et ceux qui exercent le(s) m\u00eame(s) m\u00e9tier(s)\u00a0!<\/strong><\/p>\n<div class=\"seriesmeta\">Cet article est la rubrique 6 sur 15 du Convergences <a href=\"https:\/\/convergences.snasub.fr\/index.php\/series\/n-313-mars-avril-2026\/\" class=\"series-155\" title=\"N\u00b0 313 \u2014 Mars-avril 2026\">N\u00b0 313 \u2014 Mars-avril 2026<\/a><\/div>  <br>","protected":false},"excerpt":{"rendered":"<p>La conseill\u00e8re sociale du ministre, en charge des ressources humaines \u2013 membre donc du cabinet du ministre \u2013 fut donc charg\u00e9e par lui de nous recevoir\u00a0; l\u2019entretien a dur\u00e9 pr\u00e8s de 1 heure 30 et nous avons pu aborder avec elle plusieurs sujets. En pr\u00e9ambule, la conseill\u00e8re a souhait\u00e9 nous dire que le ministre s\u2019exprimerait [&hellip;]<\/p>\n<div class=\"seriesmeta\">Cet article est la rubrique 6 de 15 du Convergences <a href=\"https:\/\/convergences.snasub.fr\/index.php\/series\/n-313-mars-avril-2026\/\" class=\"series-155\" title=\"N\u00b0 313 \u2014 Mars-avril 2026\">N\u00b0 313 \u2014 Mars-avril 2026<\/a><\/div>  <br>","protected":false},"author":1,"featured_media":0,"comment_status":"closed","ping_status":"open","sticky":false,"template":"","format":"standard","meta":{"ocean_post_layout":"","ocean_both_sidebars_style":"","ocean_both_sidebars_content_width":0,"ocean_both_sidebars_sidebars_width":0,"ocean_sidebar":"","ocean_second_sidebar":"","ocean_disable_margins":"enable","ocean_add_body_class":"","ocean_shortcode_before_top_bar":"","ocean_shortcode_after_top_bar":"","ocean_shortcode_before_header":"","ocean_shortcode_after_header":"","ocean_has_shortcode":"","ocean_shortcode_after_title":"","ocean_shortcode_before_footer_widgets":"","ocean_shortcode_after_footer_widgets":"","ocean_shortcode_before_footer_bottom":"","ocean_shortcode_after_footer_bottom":"","ocean_display_top_bar":"default","ocean_display_header":"default","ocean_header_style":"","ocean_center_header_left_menu":"","ocean_custom_header_template":"","ocean_custom_logo":0,"ocean_custom_retina_logo":0,"ocean_custom_logo_max_width":0,"ocean_custom_logo_tablet_max_width":0,"ocean_custom_logo_mobile_max_width":0,"ocean_custom_logo_max_height":0,"ocean_custom_logo_tablet_max_height":0,"ocean_custom_logo_mobile_max_height":0,"ocean_header_custom_menu":"","ocean_menu_typo_font_family":"","ocean_menu_typo_font_subset":"","ocean_menu_typo_font_size":0,"ocean_menu_typo_font_size_tablet":0,"ocean_menu_typo_font_size_mobile":0,"ocean_menu_typo_font_size_unit":"px","ocean_menu_typo_font_weight":"","ocean_menu_typo_font_weight_tablet":"","ocean_menu_typo_font_weight_mobile":"","ocean_menu_typo_transform":"","ocean_menu_typo_transform_tablet":"","ocean_menu_typo_transform_mobile":"","ocean_menu_typo_line_height":0,"ocean_menu_typo_line_height_tablet":0,"ocean_menu_typo_line_height_mobile":0,"ocean_menu_typo_line_height_unit":"","ocean_menu_typo_spacing":0,"ocean_menu_typo_spacing_tablet":0,"ocean_menu_typo_spacing_mobile":0,"ocean_menu_typo_spacing_unit":"","ocean_menu_link_color":"","ocean_menu_link_color_hover":"","ocean_menu_link_color_active":"","ocean_menu_link_background":"","ocean_menu_link_hover_background":"","ocean_menu_link_active_background":"","ocean_menu_social_links_bg":"","ocean_menu_social_hover_links_bg":"","ocean_menu_social_links_color":"","ocean_menu_social_hover_links_color":"","ocean_disable_title":"default","ocean_disable_heading":"default","ocean_post_title":"","ocean_post_subheading":"","ocean_post_title_style":"","ocean_post_title_background_color":"","ocean_post_title_background":0,"ocean_post_title_bg_image_position":"","ocean_post_title_bg_image_attachment":"","ocean_post_title_bg_image_repeat":"","ocean_post_title_bg_image_size":"","ocean_post_title_height":0,"ocean_post_title_bg_overlay":0.5,"ocean_post_title_bg_overlay_color":"","ocean_disable_breadcrumbs":"default","ocean_breadcrumbs_color":"","ocean_breadcrumbs_separator_color":"","ocean_breadcrumbs_links_color":"","ocean_breadcrumbs_links_hover_color":"","ocean_display_footer_widgets":"default","ocean_display_footer_bottom":"default","ocean_custom_footer_template":"","ocean_post_oembed":"","ocean_post_self_hosted_media":"","ocean_post_video_embed":"","ocean_link_format":"","ocean_link_format_target":"self","ocean_quote_format":"","ocean_quote_format_link":"post","ocean_gallery_link_images":"on","ocean_gallery_id":[],"footnotes":""},"categories":[154,3],"tags":[],"series":[155],"post_folder":[],"class_list":["post-1554","post","type-post","status-publish","format-standard","hentry","category-313-mars-avril-2026","category-actualites","series-n-313-mars-avril-2026","entry"],"_links":{"self":[{"href":"https:\/\/convergences.snasub.fr\/index.php\/wp-json\/wp\/v2\/posts\/1554","targetHints":{"allow":["GET"]}}],"collection":[{"href":"https:\/\/convergences.snasub.fr\/index.php\/wp-json\/wp\/v2\/posts"}],"about":[{"href":"https:\/\/convergences.snasub.fr\/index.php\/wp-json\/wp\/v2\/types\/post"}],"author":[{"embeddable":true,"href":"https:\/\/convergences.snasub.fr\/index.php\/wp-json\/wp\/v2\/users\/1"}],"replies":[{"embeddable":true,"href":"https:\/\/convergences.snasub.fr\/index.php\/wp-json\/wp\/v2\/comments?post=1554"}],"version-history":[{"count":1,"href":"https:\/\/convergences.snasub.fr\/index.php\/wp-json\/wp\/v2\/posts\/1554\/revisions"}],"predecessor-version":[{"id":1555,"href":"https:\/\/convergences.snasub.fr\/index.php\/wp-json\/wp\/v2\/posts\/1554\/revisions\/1555"}],"wp:attachment":[{"href":"https:\/\/convergences.snasub.fr\/index.php\/wp-json\/wp\/v2\/media?parent=1554"}],"wp:term":[{"taxonomy":"category","embeddable":true,"href":"https:\/\/convergences.snasub.fr\/index.php\/wp-json\/wp\/v2\/categories?post=1554"},{"taxonomy":"post_tag","embeddable":true,"href":"https:\/\/convergences.snasub.fr\/index.php\/wp-json\/wp\/v2\/tags?post=1554"},{"taxonomy":"series","embeddable":true,"href":"https:\/\/convergences.snasub.fr\/index.php\/wp-json\/wp\/v2\/series?post=1554"},{"taxonomy":"post_folder","embeddable":true,"href":"https:\/\/convergences.snasub.fr\/index.php\/wp-json\/wp\/v2\/post_folder?post=1554"}],"curies":[{"name":"wp","href":"https:\/\/api.w.org\/{rel}","templated":true}]}}