{"id":1540,"date":"2026-04-29T16:45:51","date_gmt":"2026-04-29T14:45:51","guid":{"rendered":"https:\/\/convergences.snasub.fr\/?p=1540"},"modified":"2026-04-29T16:45:51","modified_gmt":"2026-04-29T14:45:51","slug":"signez-la-petition-pour-une-mutuelle-complementaire-geree-par-la-securite-sociale","status":"publish","type":"post","link":"https:\/\/convergences.snasub.fr\/index.php\/2026\/04\/29\/signez-la-petition-pour-une-mutuelle-complementaire-geree-par-la-securite-sociale\/","title":{"rendered":"Signez la p\u00e9tition pour une mutuelle compl\u00e9mentaire g\u00e9r\u00e9e par la S\u00e9curit\u00e9 sociale"},"content":{"rendered":"\n<p>Le SNASUB et la FSU se sont donn\u00e9 pour mandat le \u00ab 100\u2009% s\u00e9cu \u00bb : la prise en charge financi\u00e8re int\u00e9grale, par la S\u00e9curit\u00e9 sociale, des soins m\u00e9dicaux prescrits. C\u2019est revenir \u00e0 la justice sociale et \u00e0 la solidarit\u00e9 qui pr\u00e9valaient \u00e0 la cr\u00e9ation de la S\u00e9curit\u00e9 sociale telle que l\u2019envisageait Ambroise Croizat, il y a 80 ans.<\/p>\n\n\n\n<p>Depuis, les diff\u00e9rents gouvernements n\u2019ont eu de cesse de tenter d\u00e9truire cet outil qui prive les \u00ab mutuelles \u00bb et assurances d\u2019une manne financi\u00e8re juteuse. Malgr\u00e9 les r\u00e9sistances, la S\u00e9curit\u00e9 sociale est affaiblie et la part les \u00ab mutuelles \u00bb ne cesse d\u2019augmenter.<\/p>\n\n\n\n<p>L\u2019argumentation de cette p\u00e9tition (texte ci-dessous) repose sur le co\u00fbt des assurances compl\u00e9mentaires \u00ab\u00a0moins \u00e9galitaires et moins solidaires\u00a0\u00bb et appelle \u00e0 la cr\u00e9ation d\u2019une \u00ab mutuelle compl\u00e9mentaire qui serait g\u00e9r\u00e9e par la S\u00e9curit\u00e9 sociale \u00bb.<\/p>\n\n\n\n<p>La SFRN (Section F\u00e9d\u00e9rale des Retrait\u00e9\u00b7es Nationale) r\u00e9unie le 9 mars 2026, consid\u00e9rant que cette proposition pouvait constituer une \u00e9tape vers le 100\u2009% S\u00e9cu, invite \u00e0 la signature de cette p\u00e9tition. Comme pour toutes les p\u00e9titions d\u00e9pos\u00e9es sur le site de l\u2019Assembl\u00e9e nationale, la signature se fait via France Connect. Si elle obtient 500 000 signatures, elle pourra faire l\u2019objet d\u2019un d\u00e9bat \u00e0 l\u2019Assembl\u00e9e<sup data-fn=\"269533b4-2032-428f-8134-636664d94315\" class=\"fn\"><a href=\"#269533b4-2032-428f-8134-636664d94315\" id=\"269533b4-2032-428f-8134-636664d94315-link\">1<\/a><\/sup>. Il est donc important que nous soyons le plus nombreux possible \u00e0 la signer.<\/p>\n\n\n\n<p><a href=\"https:\/\/petitions.assemblee-nationale.fr\/initiatives\/5254\">Vous pouvez trouver la p\u00e9tition en cliquant sur ce lien.<\/a><\/p>\n\n\n\n<p><\/p>\n\n\n<ol class=\"wp-block-footnotes\"><li id=\"269533b4-2032-428f-8134-636664d94315\">Article 148, alin\u00e9a 6 du RI de l\u2019Assembl\u00e9e nationale : \u00ab Sur proposition du pr\u00e9sident de la commission comp\u00e9tente ou d\u2019un pr\u00e9sident de groupe, un d\u00e9bat sur un rapport relatif \u00e0 une p\u00e9tition sign\u00e9e par plus de 500 000 p\u00e9titionnaires domicili\u00e9s dans trente d\u00e9partements ou collectivit\u00e9s d\u2019outre\u2011mer au moins peut \u00eatre inscrit par la Conf\u00e9rence des pr\u00e9sidents \u00e0 l\u2019ordre du jour \u00bb. <a href=\"#269533b4-2032-428f-8134-636664d94315-link\" aria-label=\"Aller \u00e0 la note de bas de page 1\">\u21a9\ufe0e<\/a><\/li><\/ol>\n\n\n<h2 class=\"wp-block-heading\">Pour la cr\u00e9ation d\u2019une mutuelle compl\u00e9mentaire g\u00e9r\u00e9e par la S\u00e9curit\u00e9 sociale<\/h2>\n\n\n\n<p>La cotisation aux Assurances sant\u00e9 compl\u00e9mentaires (Mutuelles, Instituts de pr\u00e9voyance et Compagnies d\u2019assurance) ne cesse d\u2019augmenter. Plus 6\u2009%, en moyenne, en 2025 et plus de 25\u2009% en trois ans. Les Compl\u00e9mentaires sant\u00e9 sont moins \u00e9galitaires que la S\u00e9cu dans la mesure o\u00f9 les prestations couvertes par les mutuelles d\u00e9pendent du niveau de contrat souscrit (de base, interm\u00e9diaires et optimum). Moins \u00e9galitaires, elles sont aussi moins solidaires, notamment pour les retrait\u00e9s : les plus modestes d\u2019entre eux consacrent plus de 10\u2009% de leurs revenus pour payer les soins restant \u00e0 leur charge apr\u00e8s le remboursement par la S\u00e9cu, contre moins de 4\u2009% pour les retrait\u00e9s plus ais\u00e9s. Moins \u00e9galitaires et moins solidaires, les Assurances compl\u00e9mentaires sont aussi moins efficaces : alors qu\u2019elles ne remboursent que 12,5\u2009% des soins, leurs frais de gestion atteignent, en 2024, la somme exorbitante de 8.7 milliards. \u00c0 l\u2019inverse, la S\u00e9cu qui rembourse 80\u2009% des soins ne consacre que 7 milliards d\u2019euros aux frais de gestion. Autrement dit, quand vous versez 100 euros \u00e0 votre compl\u00e9mentaire sant\u00e9 seulement 80 euros vont au remboursement des soins tandis que lorsque vous cotisez 100 euros \u00e0 la S\u00e9cu, plus de 95 euros vont aux soins.<\/p>\n\n\n\n<p>C\u2019est pourquoi nous demandons la cr\u00e9ation d\u2019une Mutuelle compl\u00e9mentaire g\u00e9r\u00e9e par la S\u00e9curit\u00e9 sociale respectant ses principes fondateurs de solidarit\u00e9 pour le financement (chacun paie en fonction de ses moyens), d\u2019\u00e9galit\u00e9 pour les prestations (chacun re\u00e7oit en fonction de ses besoins) et de d\u00e9mocratie. Cette Mutuelle compl\u00e9mentaire de la S\u00e9cu financ\u00e9e par les cotisations venant en compl\u00e9ment de l\u2019Assurance maladie obligatoire permettrait une prise en charge int\u00e9grale par la S\u00e9cu de l\u2019ensemble des actes de soin et de pr\u00e9vention relevant de la solidarit\u00e9 et ayant montr\u00e9 leur efficacit\u00e9. Les compl\u00e9mentaires actuelles deviendraient des assurances suppl\u00e9mentaires pour des actes relevant du confort ou n\u2019ayant pas d\u00e9montr\u00e9 leur efficacit\u00e9.<\/p>\n\n\n\n<p>La gestion unique par la S\u00e9cu de l\u2019Assurance maladie obligatoire et de l\u2019Assurance maladie compl\u00e9mentaire, permettant de supprimer le doublon actuel des frais de gestion entre S\u00e9cu et Compl\u00e9mentaires, entra\u00eenerait l\u2019\u00e9conomie d\u2019au moins 8 milliards de frais de gestion inutiles qui pourraient \u00eatre utilis\u00e9s pour am\u00e9liorer l\u2019acc\u00e8s aux soins.<\/p>\n\n\n\n<p>Nous signataires demandons la cr\u00e9ation, pour nous toutes et tous, d\u2019une S\u00e9cu Int\u00e9grale g\u00e9rant l\u2019Assurance maladie obligatoire et l\u2019Assurance compl\u00e9mentaire sant\u00e9.<\/p>\n<div class=\"seriesmeta\">Cet article est la rubrique 4 sur 15 du Convergences <a href=\"https:\/\/convergences.snasub.fr\/index.php\/series\/n-313-mars-avril-2026\/\" class=\"series-155\" title=\"N\u00b0 313 \u2014 Mars-avril 2026\">N\u00b0 313 \u2014 Mars-avril 2026<\/a><\/div>  <br>","protected":false},"excerpt":{"rendered":"<p>Le SNASUB et la FSU se sont donn\u00e9 pour mandat le \u00ab 100\u2009% s\u00e9cu \u00bb : la prise en charge financi\u00e8re int\u00e9grale, par la S\u00e9curit\u00e9 sociale, des soins m\u00e9dicaux prescrits. C\u2019est revenir \u00e0 la justice sociale et \u00e0 la solidarit\u00e9 qui pr\u00e9valaient \u00e0 la cr\u00e9ation de la S\u00e9curit\u00e9 sociale telle que l\u2019envisageait Ambroise Croizat, il [&hellip;]<\/p>\n<div class=\"seriesmeta\">Cet article est la rubrique 4 de 15 du Convergences <a href=\"https:\/\/convergences.snasub.fr\/index.php\/series\/n-313-mars-avril-2026\/\" class=\"series-155\" title=\"N\u00b0 313 \u2014 Mars-avril 2026\">N\u00b0 313 \u2014 Mars-avril 2026<\/a><\/div>  <br>","protected":false},"author":1,"featured_media":0,"comment_status":"closed","ping_status":"open","sticky":false,"template":"","format":"standard","meta":{"ocean_post_layout":"","ocean_both_sidebars_style":"","ocean_both_sidebars_content_width":0,"ocean_both_sidebars_sidebars_width":0,"ocean_sidebar":"","ocean_second_sidebar":"","ocean_disable_margins":"enable","ocean_add_body_class":"","ocean_shortcode_before_top_bar":"","ocean_shortcode_after_top_bar":"","ocean_shortcode_before_header":"","ocean_shortcode_after_header":"","ocean_has_shortcode":"","ocean_shortcode_after_title":"","ocean_shortcode_before_footer_widgets":"","ocean_shortcode_after_footer_widgets":"","ocean_shortcode_before_footer_bottom":"","ocean_shortcode_after_footer_bottom":"","ocean_display_top_bar":"default","ocean_display_header":"default","ocean_header_style":"","ocean_center_header_left_menu":"","ocean_custom_header_template":"","ocean_custom_logo":0,"ocean_custom_retina_logo":0,"ocean_custom_logo_max_width":0,"ocean_custom_logo_tablet_max_width":0,"ocean_custom_logo_mobile_max_width":0,"ocean_custom_logo_max_height":0,"ocean_custom_logo_tablet_max_height":0,"ocean_custom_logo_mobile_max_height":0,"ocean_header_custom_menu":"","ocean_menu_typo_font_family":"","ocean_menu_typo_font_subset":"","ocean_menu_typo_font_size":0,"ocean_menu_typo_font_size_tablet":0,"ocean_menu_typo_font_size_mobile":0,"ocean_menu_typo_font_size_unit":"px","ocean_menu_typo_font_weight":"","ocean_menu_typo_font_weight_tablet":"","ocean_menu_typo_font_weight_mobile":"","ocean_menu_typo_transform":"","ocean_menu_typo_transform_tablet":"","ocean_menu_typo_transform_mobile":"","ocean_menu_typo_line_height":0,"ocean_menu_typo_line_height_tablet":0,"ocean_menu_typo_line_height_mobile":0,"ocean_menu_typo_line_height_unit":"","ocean_menu_typo_spacing":0,"ocean_menu_typo_spacing_tablet":0,"ocean_menu_typo_spacing_mobile":0,"ocean_menu_typo_spacing_unit":"","ocean_menu_link_color":"","ocean_menu_link_color_hover":"","ocean_menu_link_color_active":"","ocean_menu_link_background":"","ocean_menu_link_hover_background":"","ocean_menu_link_active_background":"","ocean_menu_social_links_bg":"","ocean_menu_social_hover_links_bg":"","ocean_menu_social_links_color":"","ocean_menu_social_hover_links_color":"","ocean_disable_title":"default","ocean_disable_heading":"default","ocean_post_title":"","ocean_post_subheading":"","ocean_post_title_style":"","ocean_post_title_background_color":"","ocean_post_title_background":0,"ocean_post_title_bg_image_position":"","ocean_post_title_bg_image_attachment":"","ocean_post_title_bg_image_repeat":"","ocean_post_title_bg_image_size":"","ocean_post_title_height":0,"ocean_post_title_bg_overlay":0.5,"ocean_post_title_bg_overlay_color":"","ocean_disable_breadcrumbs":"default","ocean_breadcrumbs_color":"","ocean_breadcrumbs_separator_color":"","ocean_breadcrumbs_links_color":"","ocean_breadcrumbs_links_hover_color":"","ocean_display_footer_widgets":"default","ocean_display_footer_bottom":"default","ocean_custom_footer_template":"","ocean_post_oembed":"","ocean_post_self_hosted_media":"","ocean_post_video_embed":"","ocean_link_format":"","ocean_link_format_target":"self","ocean_quote_format":"","ocean_quote_format_link":"post","ocean_gallery_link_images":"on","ocean_gallery_id":[],"footnotes":"[{\"content\":\"Article 148, alin\u00e9a 6 du RI de l\u2019Assembl\u00e9e nationale : \u00ab Sur proposition du pr\u00e9sident de la commission comp\u00e9tente ou d\u2019un pr\u00e9sident de groupe, un d\u00e9bat sur un rapport relatif \u00e0 une p\u00e9tition sign\u00e9e par plus de 500 000 p\u00e9titionnaires domicili\u00e9s dans trente d\u00e9partements ou collectivit\u00e9s d\u2019outre\u2011mer au moins peut \u00eatre inscrit par la Conf\u00e9rence des pr\u00e9sidents \u00e0 l\u2019ordre du jour \u00bb.\",\"id\":\"269533b4-2032-428f-8134-636664d94315\"}]"},"categories":[154,3],"tags":[148],"series":[155],"post_folder":[],"class_list":["post-1540","post","type-post","status-publish","format-standard","hentry","category-313-mars-avril-2026","category-actualites","tag-securite-sociale","series-n-313-mars-avril-2026","entry"],"_links":{"self":[{"href":"https:\/\/convergences.snasub.fr\/index.php\/wp-json\/wp\/v2\/posts\/1540","targetHints":{"allow":["GET"]}}],"collection":[{"href":"https:\/\/convergences.snasub.fr\/index.php\/wp-json\/wp\/v2\/posts"}],"about":[{"href":"https:\/\/convergences.snasub.fr\/index.php\/wp-json\/wp\/v2\/types\/post"}],"author":[{"embeddable":true,"href":"https:\/\/convergences.snasub.fr\/index.php\/wp-json\/wp\/v2\/users\/1"}],"replies":[{"embeddable":true,"href":"https:\/\/convergences.snasub.fr\/index.php\/wp-json\/wp\/v2\/comments?post=1540"}],"version-history":[{"count":5,"href":"https:\/\/convergences.snasub.fr\/index.php\/wp-json\/wp\/v2\/posts\/1540\/revisions"}],"predecessor-version":[{"id":1547,"href":"https:\/\/convergences.snasub.fr\/index.php\/wp-json\/wp\/v2\/posts\/1540\/revisions\/1547"}],"wp:attachment":[{"href":"https:\/\/convergences.snasub.fr\/index.php\/wp-json\/wp\/v2\/media?parent=1540"}],"wp:term":[{"taxonomy":"category","embeddable":true,"href":"https:\/\/convergences.snasub.fr\/index.php\/wp-json\/wp\/v2\/categories?post=1540"},{"taxonomy":"post_tag","embeddable":true,"href":"https:\/\/convergences.snasub.fr\/index.php\/wp-json\/wp\/v2\/tags?post=1540"},{"taxonomy":"series","embeddable":true,"href":"https:\/\/convergences.snasub.fr\/index.php\/wp-json\/wp\/v2\/series?post=1540"},{"taxonomy":"post_folder","embeddable":true,"href":"https:\/\/convergences.snasub.fr\/index.php\/wp-json\/wp\/v2\/post_folder?post=1540"}],"curies":[{"name":"wp","href":"https:\/\/api.w.org\/{rel}","templated":true}]}}