{"id":1538,"date":"2026-04-29T16:45:51","date_gmt":"2026-04-29T14:45:51","guid":{"rendered":"https:\/\/convergences.snasub.fr\/?p=1538"},"modified":"2026-04-29T16:45:51","modified_gmt":"2026-04-29T14:45:51","slug":"non-au-demantelement-de-lonisep","status":"publish","type":"post","link":"https:\/\/convergences.snasub.fr\/index.php\/2026\/04\/29\/non-au-demantelement-de-lonisep\/","title":{"rendered":"Non au d\u00e9mant\u00e8lement de l\u2019ONISEP !"},"content":{"rendered":"\n<p><em>Communiqu\u00e9 de presse des repr\u00e9sentant\u00b7es FSU et UNSA-SNPTES r\u00e9uni\u00b7es en intersyndicale du 3 avril 2026<\/em><\/p>\n\n\n\n<p>Le directeur g\u00e9n\u00e9ral de l\u2019Onisep, Olivier Sidokpohou, a inform\u00e9 les personnels de l\u2019Onisep du choix du Minist\u00e8re de l\u2019\u00c9ducation nationale de transf\u00e9rer dans les rectorats 81 personnes des directions territoriales \u00e0 compter du 1\u1d49\u02b3 septembre 2026.<\/p>\n\n\n\n<p>D\u00e9cid\u00e9 par la tutelle, dans le cadre de la mission interminist\u00e9rielle \u00ab \u00c9tat efficace \u00bb du gouvernement, ce transfert a \u00e9t\u00e9 pr\u00e9sent\u00e9 \u00ab comme la meilleure solution \u00bb.<\/p>\n\n\n\n<p>Les personnels sont tr\u00e8s choqu\u00e9s et inquiets par la brutalit\u00e9 de cette d\u00e9cision unilat\u00e9rale, dont le d\u00e9lai de mise en \u0153uvre est extr\u00eamement court. C\u2019est un coup dur port\u00e9 une fois encore \u00e0 l\u2019Onisep et une mise a mal de notre travail en r\u00e9seau qui s\u2019\u00e9tait reconstruit apr\u00e8s le plan de restructuration de 2019-2020, qui avait amput\u00e9 le r\u00e9seau de l\u2019Onisep de 155 agents \u00e0 la suite de l\u2019application de la Loi \u00ab Pour la libert\u00e9 de choisir son avenir professionnel \u00bb du 5 septembre 2018.<\/p>\n\n\n\n<p>Si le DG de l\u2019Onisep assure que les missions des agents transf\u00e9r\u00e9s dans les rectorats seront maintenues, nous n\u2019avons pour l\u2019heure aucune garantie \u00e0 ce sujet, aucune certitude sur la pr\u00e9servation et la p\u00e9rennit\u00e9 des emplois quels que soient les statuts (CDD, CDI, d\u00e9tachements, PSY-EN, ITRF, AENES, etc.) dont certains contrats se terminent fin ao\u00fbt.<\/p>\n\n\n\n<p>Nous nous inqui\u00e9tons que les personnels, sous l\u2019autorit\u00e9 hi\u00e9rarchique des Recteurs, soient affect\u00e9s \u00e0 des missions align\u00e9es sur des priorit\u00e9s acad\u00e9miques au d\u00e9triment des missions nationales de l\u2019Onisep (maintenance des donn\u00e9es sur l\u2019offre de formation et l\u2019accompagnement \u00e0 l\u2019orientation).<\/p>\n\n\n\n<p>Sans les coll\u00e8gues des directions territoriales, l\u2019Onisep ne sera plus en capacit\u00e9 de maintenir des collectifs de travail et son r\u00e9seau pour garantir une information nationale homog\u00e8ne et fiable sur tous les territoires.<\/p>\n\n\n\n<p>Pour ces raisons, nous sommes tr\u00e8s inquiets sur le devenir \u00e0 terme de l\u2019Onisep et sur la possibilit\u00e9 de l\u2019op\u00e9rateur de continuer \u00e0 pr\u00e9server la qualit\u00e9 de l\u2019information nationale \u00e0 l\u2019orientation dans un contexte g\u00e9n\u00e9ral de restriction de postes.<\/p>\n\n\n\n<p>Les repr\u00e9sentant.es des personnels de l\u2019Onisep restent donc extr\u00eamement vigilant\u00b7es sur le processus d\u00e9l\u00e9t\u00e8re actuellement engag\u00e9, et s\u2019adressent dans le m\u00eame temps \u00e0 la tutelle pour \u00eatre re\u00e7u\u00b7es rapidement en rendez-vous de fa\u00e7on \u00e0 l\u2019alerter sur un certain nombre de lignes rouges.<\/p>\n\n\n\n<p class=\"has-text-align-right\"><em>Les repr\u00e9sentants des personnels FSU et UNSA-SNPTES r\u00e9unis en intersyndicale.<\/em><\/p>\n<div class=\"seriesmeta\">Cet article est la rubrique 3 sur 15 du Convergences <a href=\"https:\/\/convergences.snasub.fr\/index.php\/series\/n-313-mars-avril-2026\/\" class=\"series-155\" title=\"N\u00b0 313 \u2014 Mars-avril 2026\">N\u00b0 313 \u2014 Mars-avril 2026<\/a><\/div>  <br>","protected":false},"excerpt":{"rendered":"<p>Communiqu\u00e9 de presse des repr\u00e9sentant\u00b7es FSU et UNSA-SNPTES r\u00e9uni\u00b7es en intersyndicale du 3 avril 2026 Le directeur g\u00e9n\u00e9ral de l\u2019Onisep, Olivier Sidokpohou, a inform\u00e9 les personnels de l\u2019Onisep du choix du Minist\u00e8re de l\u2019\u00c9ducation nationale de transf\u00e9rer dans les rectorats 81 personnes des directions territoriales \u00e0 compter du 1\u1d49\u02b3 septembre 2026. D\u00e9cid\u00e9 par la tutelle, [&hellip;]<\/p>\n<div class=\"seriesmeta\">Cet article est la rubrique 3 de 15 du Convergences <a href=\"https:\/\/convergences.snasub.fr\/index.php\/series\/n-313-mars-avril-2026\/\" class=\"series-155\" title=\"N\u00b0 313 \u2014 Mars-avril 2026\">N\u00b0 313 \u2014 Mars-avril 2026<\/a><\/div>  <br>","protected":false},"author":1,"featured_media":0,"comment_status":"closed","ping_status":"open","sticky":false,"template":"","format":"standard","meta":{"ocean_post_layout":"","ocean_both_sidebars_style":"","ocean_both_sidebars_content_width":0,"ocean_both_sidebars_sidebars_width":0,"ocean_sidebar":"","ocean_second_sidebar":"","ocean_disable_margins":"enable","ocean_add_body_class":"","ocean_shortcode_before_top_bar":"","ocean_shortcode_after_top_bar":"","ocean_shortcode_before_header":"","ocean_shortcode_after_header":"","ocean_has_shortcode":"","ocean_shortcode_after_title":"","ocean_shortcode_before_footer_widgets":"","ocean_shortcode_after_footer_widgets":"","ocean_shortcode_before_footer_bottom":"","ocean_shortcode_after_footer_bottom":"","ocean_display_top_bar":"default","ocean_display_header":"default","ocean_header_style":"","ocean_center_header_left_menu":"","ocean_custom_header_template":"","ocean_custom_logo":0,"ocean_custom_retina_logo":0,"ocean_custom_logo_max_width":0,"ocean_custom_logo_tablet_max_width":0,"ocean_custom_logo_mobile_max_width":0,"ocean_custom_logo_max_height":0,"ocean_custom_logo_tablet_max_height":0,"ocean_custom_logo_mobile_max_height":0,"ocean_header_custom_menu":"","ocean_menu_typo_font_family":"","ocean_menu_typo_font_subset":"","ocean_menu_typo_font_size":0,"ocean_menu_typo_font_size_tablet":0,"ocean_menu_typo_font_size_mobile":0,"ocean_menu_typo_font_size_unit":"px","ocean_menu_typo_font_weight":"","ocean_menu_typo_font_weight_tablet":"","ocean_menu_typo_font_weight_mobile":"","ocean_menu_typo_transform":"","ocean_menu_typo_transform_tablet":"","ocean_menu_typo_transform_mobile":"","ocean_menu_typo_line_height":0,"ocean_menu_typo_line_height_tablet":0,"ocean_menu_typo_line_height_mobile":0,"ocean_menu_typo_line_height_unit":"","ocean_menu_typo_spacing":0,"ocean_menu_typo_spacing_tablet":0,"ocean_menu_typo_spacing_mobile":0,"ocean_menu_typo_spacing_unit":"","ocean_menu_link_color":"","ocean_menu_link_color_hover":"","ocean_menu_link_color_active":"","ocean_menu_link_background":"","ocean_menu_link_hover_background":"","ocean_menu_link_active_background":"","ocean_menu_social_links_bg":"","ocean_menu_social_hover_links_bg":"","ocean_menu_social_links_color":"","ocean_menu_social_hover_links_color":"","ocean_disable_title":"default","ocean_disable_heading":"default","ocean_post_title":"","ocean_post_subheading":"","ocean_post_title_style":"","ocean_post_title_background_color":"","ocean_post_title_background":0,"ocean_post_title_bg_image_position":"","ocean_post_title_bg_image_attachment":"","ocean_post_title_bg_image_repeat":"","ocean_post_title_bg_image_size":"","ocean_post_title_height":0,"ocean_post_title_bg_overlay":0.5,"ocean_post_title_bg_overlay_color":"","ocean_disable_breadcrumbs":"default","ocean_breadcrumbs_color":"","ocean_breadcrumbs_separator_color":"","ocean_breadcrumbs_links_color":"","ocean_breadcrumbs_links_hover_color":"","ocean_display_footer_widgets":"default","ocean_display_footer_bottom":"default","ocean_custom_footer_template":"","ocean_post_oembed":"","ocean_post_self_hosted_media":"","ocean_post_video_embed":"","ocean_link_format":"","ocean_link_format_target":"self","ocean_quote_format":"","ocean_quote_format_link":"post","ocean_gallery_link_images":"on","ocean_gallery_id":[],"footnotes":""},"categories":[154,3],"tags":[43],"series":[155],"post_folder":[],"class_list":["post-1538","post","type-post","status-publish","format-standard","hentry","category-313-mars-avril-2026","category-actualites","tag-onisep","series-n-313-mars-avril-2026","entry"],"_links":{"self":[{"href":"https:\/\/convergences.snasub.fr\/index.php\/wp-json\/wp\/v2\/posts\/1538","targetHints":{"allow":["GET"]}}],"collection":[{"href":"https:\/\/convergences.snasub.fr\/index.php\/wp-json\/wp\/v2\/posts"}],"about":[{"href":"https:\/\/convergences.snasub.fr\/index.php\/wp-json\/wp\/v2\/types\/post"}],"author":[{"embeddable":true,"href":"https:\/\/convergences.snasub.fr\/index.php\/wp-json\/wp\/v2\/users\/1"}],"replies":[{"embeddable":true,"href":"https:\/\/convergences.snasub.fr\/index.php\/wp-json\/wp\/v2\/comments?post=1538"}],"version-history":[{"count":1,"href":"https:\/\/convergences.snasub.fr\/index.php\/wp-json\/wp\/v2\/posts\/1538\/revisions"}],"predecessor-version":[{"id":1539,"href":"https:\/\/convergences.snasub.fr\/index.php\/wp-json\/wp\/v2\/posts\/1538\/revisions\/1539"}],"wp:attachment":[{"href":"https:\/\/convergences.snasub.fr\/index.php\/wp-json\/wp\/v2\/media?parent=1538"}],"wp:term":[{"taxonomy":"category","embeddable":true,"href":"https:\/\/convergences.snasub.fr\/index.php\/wp-json\/wp\/v2\/categories?post=1538"},{"taxonomy":"post_tag","embeddable":true,"href":"https:\/\/convergences.snasub.fr\/index.php\/wp-json\/wp\/v2\/tags?post=1538"},{"taxonomy":"series","embeddable":true,"href":"https:\/\/convergences.snasub.fr\/index.php\/wp-json\/wp\/v2\/series?post=1538"},{"taxonomy":"post_folder","embeddable":true,"href":"https:\/\/convergences.snasub.fr\/index.php\/wp-json\/wp\/v2\/post_folder?post=1538"}],"curies":[{"name":"wp","href":"https:\/\/api.w.org\/{rel}","templated":true}]}}