{"id":1536,"date":"2026-04-29T16:45:51","date_gmt":"2026-04-29T14:45:51","guid":{"rendered":"https:\/\/convergences.snasub.fr\/?p=1536"},"modified":"2026-04-29T16:45:51","modified_gmt":"2026-04-29T14:45:51","slug":"31-mars-2026-dans-laction","status":"publish","type":"post","link":"https:\/\/convergences.snasub.fr\/index.php\/2026\/04\/29\/31-mars-2026-dans-laction\/","title":{"rendered":"31 mars 2026 dans l\u2019action"},"content":{"rendered":"\n<p>Le 31 mars, l\u2019intersyndicale de l\u2019\u00e9ducation nationale appelait \u00e0 une gr\u00e8ve nationale. Depuis plusieurs mois, les organisations FSU, UNSA \u00c9ducation, CFDT \u00c9ducation Formation et Recherche Publiques, CGT Educ\u2019Action et SUD \u00c9ducation d\u00e9non\u00e7aient les choix budg\u00e9taires du gouvernement : suppressions d\u2019emplois et blocage de toute revalorisation salariale. Ces choix ne peuvent que d\u00e9grader encore davantage un service public d\u2019\u00c9ducation d\u00e9j\u00e0 exsangue.<\/p>\n\n\n\n<p>Dans une actualit\u00e9 marqu\u00e9e par l\u2019inqui\u00e9tante escalade guerri\u00e8re en cours au Moyen-Orient et la situation post \u00e9lections municipales, notre syndicat juge urgent de continuer \u00e0 contester les contenus aust\u00e9ritaires des lois de finances 2026 et leurs cons\u00e9quences. Il y a urgence \u00e0 rappeler et \u00e0 d\u00e9fendre nos revendications !<\/p>\n\n\n\n<p>Aucune cr\u00e9ation d\u2019emploi pour les \u00e9tablissements scolaires \u00e0 l\u2019\u00e9chelle du pays \u2014 juste du red\u00e9ploiement interacad\u00e9mique ; 80 cr\u00e9ations pour les services \u2014 \u00e0 r\u00e9partir sur 30 acad\u00e9mies et l\u2019administration centrale \u2014 alors que les r\u00e9formes ou \u00e9volutions du syst\u00e8me \u00e9ducatif cr\u00e9ent des charges nouvelles, qui deviennent vite des charges de travail accru pour les personnels.<\/p>\n\n\n\n<p><strong>Il faut recr\u00e9er les emplois administratifs et ITRF n\u00e9cessaires au bon fonctionnement de nos \u00e9tablissements et services !<\/strong><\/p>\n\n\n\n<p>RAS-LE-BOL des sch\u00e9mas d\u2019emplois minist\u00e9riels \u00e9gaux \u00e0 0, ou presque, pour nos fili\u00e8res !<\/p>\n\n\n\n<p>Cette situation globale de conditions de travail qui se d\u00e9gradent se combine avec une autre situation tout aussi d\u00e9plorable : celle qui concerne les salaires et les carri\u00e8res de personnels administratifs et ITRF, pourtant indispensables au fonctionnement des services et des \u00e9tablissements. Mais toujours aussi peu reconnu\u00b7es.<\/p>\n\n\n\n<p>Salaires indiciaires \u00ab\u00a0smicardis\u00e9s\u00a0\u00bb car percut\u00e9s par le rel\u00e8vement d\u2019un SMIC index\u00e9 sur l\u2019inflation, grilles de carri\u00e8re dont la progression indiciaire peut se r\u00e9sumer \u00e0 quelques points d\u2019indice \u2014 une mis\u00e8re \u2014 tous les 3 ou 4 ann\u00e9es, missions confi\u00e9es relevant d\u2019un corps et grade sup\u00e9rieur\u2026 La coupe est pleine ! Et pas de perspective d\u2019augmentation pr\u00e9vue pour 2026, rien n\u2019est pr\u00e9vue dans la Loi de finances !<\/p>\n\n\n\n<pre class=\"wp-block-code\"><code><strong><mark style=\"background-color:rgba(0, 0, 0, 0)\" class=\"has-inline-color has-vivid-red-color\">Augmentation g\u00e9n\u00e9rale des traitements !\nInt\u00e9gration des primes dans le salaire indiciaire !\nRequalification massive des emplois et des promotions concomitantes des personnels concern\u00e9\u00b7es par le d\u00e9calage emploi occup\u00e9\/missions confi\u00e9es !\nBlocage des prix du carburant et des produits de premi\u00e8re n\u00e9cessit\u00e9 !<\/mark><\/strong><\/code><\/pre>\n\n\n\n<p><\/p>\n<div class=\"seriesmeta\">Cet article est la rubrique 2 sur 15 du Convergences <a href=\"https:\/\/convergences.snasub.fr\/index.php\/series\/n-313-mars-avril-2026\/\" class=\"series-155\" title=\"N\u00b0 313 \u2014 Mars-avril 2026\">N\u00b0 313 \u2014 Mars-avril 2026<\/a><\/div>  <br>","protected":false},"excerpt":{"rendered":"<p>Le 31 mars, l\u2019intersyndicale de l\u2019\u00e9ducation nationale appelait \u00e0 une gr\u00e8ve nationale. Depuis plusieurs mois, les organisations FSU, UNSA \u00c9ducation, CFDT \u00c9ducation Formation et Recherche Publiques, CGT Educ\u2019Action et SUD \u00c9ducation d\u00e9non\u00e7aient les choix budg\u00e9taires du gouvernement : suppressions d\u2019emplois et blocage de toute revalorisation salariale. Ces choix ne peuvent que d\u00e9grader encore davantage un [&hellip;]<\/p>\n<div class=\"seriesmeta\">Cet article est la rubrique 2 de 15 du Convergences <a href=\"https:\/\/convergences.snasub.fr\/index.php\/series\/n-313-mars-avril-2026\/\" class=\"series-155\" title=\"N\u00b0 313 \u2014 Mars-avril 2026\">N\u00b0 313 \u2014 Mars-avril 2026<\/a><\/div>  <br>","protected":false},"author":1,"featured_media":0,"comment_status":"closed","ping_status":"open","sticky":false,"template":"","format":"standard","meta":{"ocean_post_layout":"","ocean_both_sidebars_style":"","ocean_both_sidebars_content_width":0,"ocean_both_sidebars_sidebars_width":0,"ocean_sidebar":"","ocean_second_sidebar":"","ocean_disable_margins":"enable","ocean_add_body_class":"","ocean_shortcode_before_top_bar":"","ocean_shortcode_after_top_bar":"","ocean_shortcode_before_header":"","ocean_shortcode_after_header":"","ocean_has_shortcode":"","ocean_shortcode_after_title":"","ocean_shortcode_before_footer_widgets":"","ocean_shortcode_after_footer_widgets":"","ocean_shortcode_before_footer_bottom":"","ocean_shortcode_after_footer_bottom":"","ocean_display_top_bar":"default","ocean_display_header":"default","ocean_header_style":"","ocean_center_header_left_menu":"","ocean_custom_header_template":"","ocean_custom_logo":0,"ocean_custom_retina_logo":0,"ocean_custom_logo_max_width":0,"ocean_custom_logo_tablet_max_width":0,"ocean_custom_logo_mobile_max_width":0,"ocean_custom_logo_max_height":0,"ocean_custom_logo_tablet_max_height":0,"ocean_custom_logo_mobile_max_height":0,"ocean_header_custom_menu":"","ocean_menu_typo_font_family":"","ocean_menu_typo_font_subset":"","ocean_menu_typo_font_size":0,"ocean_menu_typo_font_size_tablet":0,"ocean_menu_typo_font_size_mobile":0,"ocean_menu_typo_font_size_unit":"px","ocean_menu_typo_font_weight":"","ocean_menu_typo_font_weight_tablet":"","ocean_menu_typo_font_weight_mobile":"","ocean_menu_typo_transform":"","ocean_menu_typo_transform_tablet":"","ocean_menu_typo_transform_mobile":"","ocean_menu_typo_line_height":0,"ocean_menu_typo_line_height_tablet":0,"ocean_menu_typo_line_height_mobile":0,"ocean_menu_typo_line_height_unit":"","ocean_menu_typo_spacing":0,"ocean_menu_typo_spacing_tablet":0,"ocean_menu_typo_spacing_mobile":0,"ocean_menu_typo_spacing_unit":"","ocean_menu_link_color":"","ocean_menu_link_color_hover":"","ocean_menu_link_color_active":"","ocean_menu_link_background":"","ocean_menu_link_hover_background":"","ocean_menu_link_active_background":"","ocean_menu_social_links_bg":"","ocean_menu_social_hover_links_bg":"","ocean_menu_social_links_color":"","ocean_menu_social_hover_links_color":"","ocean_disable_title":"default","ocean_disable_heading":"default","ocean_post_title":"","ocean_post_subheading":"","ocean_post_title_style":"","ocean_post_title_background_color":"","ocean_post_title_background":0,"ocean_post_title_bg_image_position":"","ocean_post_title_bg_image_attachment":"","ocean_post_title_bg_image_repeat":"","ocean_post_title_bg_image_size":"","ocean_post_title_height":0,"ocean_post_title_bg_overlay":0.5,"ocean_post_title_bg_overlay_color":"","ocean_disable_breadcrumbs":"default","ocean_breadcrumbs_color":"","ocean_breadcrumbs_separator_color":"","ocean_breadcrumbs_links_color":"","ocean_breadcrumbs_links_hover_color":"","ocean_display_footer_widgets":"default","ocean_display_footer_bottom":"default","ocean_custom_footer_template":"","ocean_post_oembed":"","ocean_post_self_hosted_media":"","ocean_post_video_embed":"","ocean_link_format":"","ocean_link_format_target":"self","ocean_quote_format":"","ocean_quote_format_link":"post","ocean_gallery_link_images":"on","ocean_gallery_id":[],"footnotes":""},"categories":[154,3],"tags":[],"series":[155],"post_folder":[],"class_list":["post-1536","post","type-post","status-publish","format-standard","hentry","category-313-mars-avril-2026","category-actualites","series-n-313-mars-avril-2026","entry"],"_links":{"self":[{"href":"https:\/\/convergences.snasub.fr\/index.php\/wp-json\/wp\/v2\/posts\/1536","targetHints":{"allow":["GET"]}}],"collection":[{"href":"https:\/\/convergences.snasub.fr\/index.php\/wp-json\/wp\/v2\/posts"}],"about":[{"href":"https:\/\/convergences.snasub.fr\/index.php\/wp-json\/wp\/v2\/types\/post"}],"author":[{"embeddable":true,"href":"https:\/\/convergences.snasub.fr\/index.php\/wp-json\/wp\/v2\/users\/1"}],"replies":[{"embeddable":true,"href":"https:\/\/convergences.snasub.fr\/index.php\/wp-json\/wp\/v2\/comments?post=1536"}],"version-history":[{"count":1,"href":"https:\/\/convergences.snasub.fr\/index.php\/wp-json\/wp\/v2\/posts\/1536\/revisions"}],"predecessor-version":[{"id":1537,"href":"https:\/\/convergences.snasub.fr\/index.php\/wp-json\/wp\/v2\/posts\/1536\/revisions\/1537"}],"wp:attachment":[{"href":"https:\/\/convergences.snasub.fr\/index.php\/wp-json\/wp\/v2\/media?parent=1536"}],"wp:term":[{"taxonomy":"category","embeddable":true,"href":"https:\/\/convergences.snasub.fr\/index.php\/wp-json\/wp\/v2\/categories?post=1536"},{"taxonomy":"post_tag","embeddable":true,"href":"https:\/\/convergences.snasub.fr\/index.php\/wp-json\/wp\/v2\/tags?post=1536"},{"taxonomy":"series","embeddable":true,"href":"https:\/\/convergences.snasub.fr\/index.php\/wp-json\/wp\/v2\/series?post=1536"},{"taxonomy":"post_folder","embeddable":true,"href":"https:\/\/convergences.snasub.fr\/index.php\/wp-json\/wp\/v2\/post_folder?post=1536"}],"curies":[{"name":"wp","href":"https:\/\/api.w.org\/{rel}","templated":true}]}}