{"id":1342,"date":"2025-10-21T14:31:52","date_gmt":"2025-10-21T12:31:52","guid":{"rendered":"https:\/\/convergences.snasub.fr\/?p=1342"},"modified":"2025-10-21T14:31:52","modified_gmt":"2025-10-21T12:31:52","slug":"lu-pour-vous-10","status":"publish","type":"post","link":"https:\/\/convergences.snasub.fr\/index.php\/2025\/10\/21\/lu-pour-vous-10\/","title":{"rendered":"Lu pour vous"},"content":{"rendered":"\n<h2 class=\"wp-block-heading\">Bourses d\u2019enseignement sup\u00e9rieur<\/h2>\n\n\n\n<p><a href=\"https:\/\/www.legifrance.gouv.fr\/jorf\/id\/JORFTEXT000051759934\" target=\"_blank\" rel=\"noreferrer noopener\">Arr\u00eat\u00e9 du 9\u00a0juin 2025 modifiant l\u2019arr\u00eat\u00e9 du 15\u00a0avril 2025 fixant les taux des bourses d\u2019enseignement sup\u00e9rieur du minist\u00e8re charg\u00e9 de l\u2019enseignement sup\u00e9rieur et de la recherche pour l\u2019ann\u00e9e universitaire\u00a02025-2026.<\/a><br>Les taux annuels sont major\u00e9s de 300\u00a0\u20ac sur 10\u00a0mois ou 360\u00a0\u20ac sur 12\u00a0mois pour les \u00e9tudiants boursiers inscrits dans une formation dans les territoires d\u2019outre-mer.<\/p>\n\n\n\n<h2 class=\"wp-block-heading\">Codification du code g\u00e9n\u00e9ral de la fonction publique<\/h2>\n\n\n\n<p><a href=\"https:\/\/www.legifrance.gouv.fr\/jorf\/id\/JORFTEXT000051954922\" target=\"_blank\" rel=\"noreferrer noopener\">D\u00e9cret n\u00b0\u00a02025-695 du 24\u00a0juillet 2025 modifiant les livres Ier et II du code g\u00e9n\u00e9ral de la fonction publique et relatif aux dispositions r\u00e9glementaires du livre\u00a0III du m\u00eame code.<\/a><br>Ce d\u00e9cret cr\u00e9e la partie r\u00e9glementaire du livre\u00a0III relative au recrutement du CGFP<br>En outre, il proc\u00e8de \u00e0 l\u2019abrogation partielle ou totale de d\u00e9crets dont les dispositions sont transf\u00e9r\u00e9es, dans le CGFP, \u00e0 l\u2019actualisation des termes de dispositions r\u00e9glementaires non codifi\u00e9es au CGFP, \u00e0 l\u2019actualisation de d\u00e9crets dont certaines dispositions, qui sont relatives au recrutement par concours, sont d\u00e9sormais codifi\u00e9es au titre\u00a0II du livre\u00a0III du CGFP\u00a0et \u00e0 l\u2019actualisation de l\u2019intitul\u00e9 de certains d\u00e9crets.<\/p>\n\n\n\n<h2 class=\"wp-block-heading\">CSA<\/h2>\n\n\n\n<p><a href=\"https:\/\/www.legifrance.gouv.fr\/jorf\/id\/JORFTEXT000051788765\" target=\"_blank\" rel=\"noreferrer noopener\">D\u00e9cret n\u00b0\u00a02025-570 du 23\u00a0juin 2025 relatif aux comit\u00e9s sociaux d\u2019administration minist\u00e9riels relevant du minist\u00e8re de l\u2019\u00c9ducation nationale, de l\u2019enseignement sup\u00e9rieur et de la recherche.<\/a><br>Le d\u00e9cret maintient le comit\u00e9 social d\u2019administration minist\u00e9riel de l\u2019\u00e9ducation nationale aupr\u00e8s du ministre charg\u00e9 de l\u2019\u00c9ducation nationale, et le comit\u00e9 social d\u2019administration minist\u00e9riel de l\u2019enseignement sup\u00e9rieur et de la recherche aupr\u00e8s du ministre charg\u00e9 de l\u2019Enseignement sup\u00e9rieur et de la recherche. Il proroge \u00e9galement les mandats des membres de ces comit\u00e9s sociaux minist\u00e9riels jusqu\u2019au prochain renouvellement g\u00e9n\u00e9ral des instances de repr\u00e9sentation du personnel de la fonction publique.<\/p>\n\n\n\n<h2 class=\"wp-block-heading\">Dispositions relatives aux ouvriers de l\u2019\u00c9tat<\/h2>\n\n\n\n<p><a href=\"https:\/\/www.legifrance.gouv.fr\/jorf\/id\/JORFTEXT000051942400\" target=\"_blank\" rel=\"noreferrer noopener\">D\u00e9cret n\u00b0 2025-682 du 21\u00a0juillet 2025 relatif aux garanties en mati\u00e8re de risque d\u00e9c\u00e8s des ouvriers de l\u2019\u00c9tat et modifiant le d\u00e9cret n\u00b0\u00a02024-678 du 4\u00a0juillet 2024 relatif \u00e0 la protection sociale compl\u00e9mentaire des agents de la fonction publique de l\u2019\u00c9tat apporte des pr\u00e9cisions concernant le r\u00e9gime de protection sociale compl\u00e9mentaire en pr\u00e9voyance dans la fonction publique de l\u2019Etat notamment pour les contractuels et les ouvriers de l\u2019\u00c9tat.<\/a><\/p>\n\n\n\n<p><a href=\"https:\/\/www.legifrance.gouv.fr\/jorf\/id\/JORFTEXT000051954589\" target=\"_blank\" rel=\"noreferrer noopener\">D\u00e9cret n\u00b0\u00a02025-694 du 23\u00a0juillet 2025 portant diverses dispositions applicables aux personnels ouvriers de l\u2019\u00c9tat en mati\u00e8re de cong\u00e9s.<\/a><br>Ce d\u00e9cret d\u00e9termine, pour les personnels ouvriers de l\u2019\u00c9tat et les ouvriers en stage pouvant \u00eatre affili\u00e9s au r\u00e9gime des pensions pr\u00e9vu par le d\u00e9cret n\u00b0\u00a02004-1056 du 5\u00a0octobre 2004 relatif au r\u00e9gime des pensions des ouvriers des \u00e9tablissements industriels de l\u2019\u00c9tat, les conditions d\u2019attribution et d\u2019utilisation des cong\u00e9s pour raison de sant\u00e9 et pour \u00e9v\u00e9nements familiaux.<br>Il pr\u00e9cise \u00e9galement les dispositions applicables en cas d\u2019accidents du travail et maladies professionnelles et les modalit\u00e9s d\u2019organisation et de fonctionnement des instances m\u00e9dicales dont rel\u00e8vent ces personnels.<\/p>\n\n\n\n<h2 class=\"wp-block-heading\">\u00c9lections professionnelles<\/h2>\n\n\n\n<p><a href=\"https:\/\/www.legifrance.gouv.fr\/jorf\/id\/JORFTEXT000051844344\" target=\"_blank\" rel=\"noreferrer noopener\">Arr\u00eat\u00e9 du 2\u00a0juillet 2025 fixant la date des prochaines \u00e9lections professionnelles dans la fonction publique.<\/a><br>Sous r\u00e9serve des cas dans lesquels les op\u00e9rations de vote se d\u00e9roulent au moyen du vote \u00e0 l\u2019urne ou au moyen du vote par correspondance, les op\u00e9rations de vote \u00e9lectronique par internet dans la fonction publique de l\u2019\u00c9tat se d\u00e9roulent du 3 au 10\u00a0d\u00e9cembre 2026.<\/p>\n\n\n\n<h2 class=\"wp-block-heading\">EPLE<\/h2>\n\n\n\n<p><a href=\"https:\/\/www.legifrance.gouv.fr\/loda\/id\/JORFTEXT000052142117\/\" target=\"_blank\" rel=\"noreferrer noopener\">Arr\u00eat\u00e9 du 12\u00a0ao\u00fbt 2025 liste les \u00e9tablissements publics locaux d\u2019enseignement qui mettent en application le 1\u00b0 et le 5\u00b0 de l\u2019article 1er du d\u00e9cret n\u00b0\u00a02020-939 du 29\u00a0juillet 2020 modifiant l\u2019organisation financi\u00e8re des \u00e9tablissements publics locaux d\u2019enseignement relevant du minist\u00e8re de l\u2019\u00c9ducation nationale, de la jeunesse et des sports.<\/a><\/p>\n\n\n\n<h2 class=\"wp-block-heading\">Lutte contre les violences et l\u2019antis\u00e9mitisme<\/h2>\n\n\n\n<p><a href=\"https:\/\/www.legifrance.gouv.fr\/jorf\/id\/JORFTEXT000052018661\" target=\"_blank\" rel=\"noreferrer noopener\">Loi n\u00b0\u00a02025-732 du 31\u00a0juillet 2025 relative \u00e0 la lutte contre l\u2019antis\u00e9mitisme dans l\u2019enseignement sup\u00e9rieur.<\/a><br>La loi renforce les dispositifs de pr\u00e9vention, de signalement et de suivi des actes antis\u00e9mites et racistes dans l\u2019enseignement sup\u00e9rieur. Elle red\u00e9finit \u00e9galement les fautes disciplinaires et institue des sections disciplinaires communes aux \u00e9tablissements d\u2019une m\u00eame r\u00e9gion acad\u00e9mique<\/p>\n\n\n\n<p><a href=\"https:\/\/www.legifrance.gouv.fr\/jorf\/id\/JORFTEXT000051745480\" target=\"_blank\" rel=\"noreferrer noopener\">D\u00e9cret n\u00b0\u00a02025-542 du 16\u00a0juin 2025 relatif au recueil et au traitement des signalements des faits de violence dans les \u00e9tablissements d\u2019enseignement priv\u00e9s.<\/a><br>Ce d\u00e9cret pr\u00e9voit la mise en place d\u2019un dispositif permettant le recueil et le traitement de signalements de violences ou atteintes \u00e0 la s\u00e9curit\u00e9 ou \u00e0 l\u2019int\u00e9grit\u00e9 physique ou morale dans les \u00e9tablissements d\u2019enseignement priv\u00e9s et la remont\u00e9e des faits les plus graves aux autorit\u00e9s comp\u00e9tentes de l\u2019\u00c9tat.<\/p>\n\n\n\n<p><a href=\"https:\/\/www.legifrance.gouv.fr\/jorf\/id\/JORFTEXT000051836148\" target=\"_blank\" rel=\"noreferrer noopener\">D\u00e9cret n\u00b0\u00a02025-609 du 1er\u00a0juillet 2025 modifiant le r\u00e9gime disciplinaire dans les \u00e9tablissements publics locaux d\u2019enseignement relevant du ministre charg\u00e9 de l\u2019\u00e9ducation nationale et du ministre charg\u00e9 de la mer.<\/a><br>Le d\u00e9cret rend obligatoire la saisine du conseil de discipline par le chef d\u2019\u00e9tablissement lorsqu\u2019un \u00e9l\u00e8ve est en possession d\u2019une arme. Le d\u00e9cret pr\u00e9voit \u00e9galement que, lorsque le chef d\u2019\u00e9tablissement engage une proc\u00e9dure disciplinaire \u00e0 l\u2019\u00e9gard d\u2019un \u00e9l\u00e8ve, il l\u2019informe de son droit de garder le silence durant toute la proc\u00e9dure. Par ailleurs, dans les lyc\u00e9es professionnels maritimes, le d\u00e9cret \u00e9tend le champ de la proc\u00e9dure disciplinaire aux cas dans lesquels des \u00e9l\u00e8ves commettent des actes de harc\u00e8lement \u00e0 l\u2019encontre d\u2019\u00e9l\u00e8ves situ\u00e9s dans un autre \u00e9tablissement. Il pr\u00e9cise \u00e9galement la proc\u00e9dure disciplinaire applicable aux \u00e9l\u00e8ves pour les faits portant une atteinte aux valeurs de la R\u00e9publique ou au principe de la\u00efcit\u00e9. Pour de tels faits, le chef d\u2019\u00e9tablissement est tenu d\u2019engager une proc\u00e9dure disciplinaire.<\/p>\n\n\n\n<h2 class=\"wp-block-heading\">Mon Master<\/h2>\n\n\n\n<p><a href=\"https:\/\/www.legifrance.gouv.fr\/jorf\/id\/JORFTEXT000051894946\" target=\"_blank\" rel=\"noreferrer noopener\">Arr\u00eat\u00e9 du 25\u00a0juin 2025 modifiant l\u2019arr\u00eat\u00e9 du 9\u00a0mars 2023 portant cr\u00e9ation d\u2019un traitement automatis\u00e9 de donn\u00e9es \u00e0 caract\u00e8re personnel d\u00e9nomm\u00e9 \u00ab\u2009Mon Master\u2009\u00bb.<\/a><br>Cet arr\u00eat\u00e9 pr\u00e9cise que \u00ab\u2009Mon Master\u2009\u00bb permet de v\u00e9rifier l\u2019\u00e9ligibilit\u00e9 des \u00e9tudiants au dispositif de saisine du recteur de r\u00e9gion acad\u00e9mique. Il autorise \u00e9galement les personnels habilit\u00e9s par la direction g\u00e9n\u00e9rale de l\u2019enseignement sup\u00e9rieur et de l\u2019insertion professionnelle et exer\u00e7ant au sein des rectorats de r\u00e9gion \u00e0 avoir acc\u00e8s, dans le cadre de leurs attributions et dans les limites du besoin d\u2019en conna\u00eetre, \u00e0 tout ou partie des donn\u00e9es \u00e0 caract\u00e8re personnel enregistr\u00e9es dans le traitement.<\/p>\n\n\n\n<h2 class=\"wp-block-heading\">Parcoursup<\/h2>\n\n\n\n<p><a href=\"https:\/\/www.education.gouv.fr\/bo\/2025\/Hebdo27\/MENE2518841C\" target=\"_blank\" rel=\"noreferrer noopener\">Circulaire du 1er\u00a0juillet 2025 du minist\u00e8re de l\u2019\u00c9ducation nationale, de la jeunesse et des sports relative aux conditions de l\u2019ouverture du b\u00e9n\u00e9fice des aides sp\u00e9cifiques aux bacheliers b\u00e9n\u00e9ficiaires d\u2019une bourse nationale de lyc\u00e9e inscrits dans le cadre de la proc\u00e9dure nationale de pr\u00e9inscription Parcoursup.<\/a><br>Le dispositif d\u2019aide \u00e0 la mobilit\u00e9 Parcoursup est reconduit pour la rentr\u00e9e\u00a02025. Il vise \u00e0 accompagner les candidats lorsque des contraintes mat\u00e9rielles ne leur permettent pas d\u2019envisager sereinement une mobilit\u00e9 qui leur permettrait de suivre une formation au plus pr\u00e8s de leurs projets.<\/p>\n\n\n\n<h2 class=\"wp-block-heading\">Personnels contractuels<\/h2>\n\n\n\n<p>Circulaire du 22&nbsp;juillet 2025 du minist\u00e8re de l\u2019\u00c9ducation nationale, de la jeunesse et des sports relative au cadre de gestion des personnels contractuels ing\u00e9nieurs, administratifs, techniques, p\u00e9dagogiques, sociaux et de sant\u00e9.<br>Cette circulaire confirme que les lignes directrices de gestion relatives \u00e0 la strat\u00e9gie pluriannuelle de pilotage des ressources humaines (LDGS) du 5&nbsp;f\u00e9vrier 2025, pr\u00e9voient l\u2019am\u00e9lioration des conditions de recrutement et d\u2019exercice des fonctions pour ces collaborateurs.<br>Elle pr\u00e9sente les principales dispositions juridiques applicables quant au recrutement et au d\u00e9roulement des parcours professionnels, tout en explicitant leurs modalit\u00e9s de gestion.<\/p>\n\n\n\n<h2 class=\"wp-block-heading\">Recrutement<\/h2>\n\n\n\n<p><a href=\"https:\/\/www.legifrance.gouv.fr\/jorf\/id\/JORFTEXT000051900099\" target=\"_blank\" rel=\"noreferrer noopener\">Arr\u00eat\u00e9 du 8\u00a0juillet 2025 modifie la r\u00e9partition des postes offerts aux fonctionnaires b\u00e9n\u00e9ficiaires de l\u2019obligation d\u2019emploi des travailleurs handicap\u00e9s pour l\u2019acc\u00e8s au corps interminist\u00e9riel des attach\u00e9s d\u2019administration de l\u2019\u00c9tat.<\/a><\/p>\n\n\n\n<p><a href=\"https:\/\/www.legifrance.gouv.fr\/loda\/id\/JORFTEXT000052050371\/\" target=\"_blank\" rel=\"noreferrer noopener\">Arr\u00eat\u00e9 du 31\u00a0juillet 2025 relatif aux modalit\u00e9s de la formation dispens\u00e9e aux fonctionnaires stagiaires affect\u00e9s en administration \u00e0 la suite de leur formation au sein des instituts r\u00e9gionaux d\u2019administration.<\/a><br>La formation des \u00e9l\u00e8ves des instituts r\u00e9gionaux d\u2019administration nomm\u00e9s stagiaires se poursuit durant leur p\u00e9riode de stage de six mois. Cette formation a pour objet d\u2019assurer l\u2019adaptation imm\u00e9diate du fonctionnaire stagiaire au poste de travail dans lequel il est affect\u00e9.<br>Le fonctionnaire stagiaire b\u00e9n\u00e9ficie d\u2019un accompagnement personnalis\u00e9 sous la forme d\u2019un tutorat et d\u2019entretiens r\u00e9guliers avec son sup\u00e9rieur hi\u00e9rarchique.<br>Dans les quatre mois suivants, l\u2019affectation, le stagiaire est re\u00e7u par son sup\u00e9rieur hi\u00e9rarchique pour effectuer un bilan interm\u00e9diaire.<br>Un bilan du stage est \u00e9tabli par le sup\u00e9rieur hi\u00e9rarchique et donne lieu \u00e0 un entretien avec le fonctionnaire stagiaire.<br>Au vu de ce bilan, le sup\u00e9rieur hi\u00e9rarchique \u00e9met un avis sur la titularisation du fonctionnaire stagiaire dans le corps auquel il se destine.<\/p>\n\n\n\n<h2 class=\"wp-block-heading\">Ressources humaines<\/h2>\n\n\n\n<p><a href=\"https:\/\/www.legifrance.gouv.fr\/jorf\/id\/JORFTEXT000052125690\" target=\"_blank\" rel=\"noreferrer noopener\">D\u00e9cret n\u00b0\u00a02025-836 du 20\u00a0ao\u00fbt 2025 portant diverses mesures de d\u00e9concentration en mati\u00e8re de ressources humaines.<\/a><br>Le d\u00e9cret d\u00e9concentre certains actes de gestion en mati\u00e8re de ressources humaines, notamment le renouvellement de d\u00e9tachement, la mise \u00e0 disposition entrante, la d\u00e9mission et le cong\u00e9 de formation professionnelle.<\/p>\n\n\n\n<p>Circulaire du 20&nbsp;juin 2025 du minist\u00e8re de l\u2019\u00c9ducation nationale, de la jeunesse et des sports relative \u00e0 la gestion des ressources humaines de proximit\u00e9 en acad\u00e9mie.<br>La circulaire priorise le renforcement de la professionnalisation de la communaut\u00e9 des acteurs des ressources humaines (RH) et le d\u00e9ploiement de l\u2019accompagnement personnalis\u00e9 des agents.<br>Afin de mettre en place davantage de proximit\u00e9 des RH avec les agents, la circulaire rappelle que l\u2019accompagnement individualis\u00e9 des personnels constitue l\u2019un des objectifs cl\u00e9s de la strat\u00e9gie minist\u00e9rielle RH&nbsp;2026.<br>La note de service met en place une \u00e9volution de l\u2019organisation et du fonctionnement des RH de proximit\u00e9 en clarifiant en particulier le r\u00f4le des diff\u00e9rents acteurs en acad\u00e9mie avec la volont\u00e9 que chaque agent puisse obtenir des informations, des conseils et un accompagnement dans ses souhaits d\u2019\u00e9volution professionnelle.<\/p>\n<div class=\"seriesmeta\">Cet article est la rubrique 15 sur 15 du Convergences <a href=\"https:\/\/convergences.snasub.fr\/index.php\/series\/n-310-octobre-2025\/\" class=\"series-129\" title=\"N\u00b0 310 \u2014 Octobre 2025\">N\u00b0 310 \u2014 Octobre 2025<\/a><\/div>  <br>","protected":false},"excerpt":{"rendered":"<p>Bourses d\u2019enseignement sup\u00e9rieur Arr\u00eat\u00e9 du 9\u00a0juin 2025 modifiant l\u2019arr\u00eat\u00e9 du 15\u00a0avril 2025 fixant les taux des bourses d\u2019enseignement sup\u00e9rieur du minist\u00e8re charg\u00e9 de l\u2019enseignement sup\u00e9rieur et de la recherche pour l\u2019ann\u00e9e universitaire\u00a02025-2026.Les taux annuels sont major\u00e9s de 300\u00a0\u20ac sur 10\u00a0mois ou 360\u00a0\u20ac sur 12\u00a0mois pour les \u00e9tudiants boursiers inscrits dans une formation dans les territoires [&hellip;]<\/p>\n<div class=\"seriesmeta\">Cet article est la rubrique 15 de 15 du Convergences <a href=\"https:\/\/convergences.snasub.fr\/index.php\/series\/n-310-octobre-2025\/\" class=\"series-129\" title=\"N\u00b0 310 \u2014 Octobre 2025\">N\u00b0 310 \u2014 Octobre 2025<\/a><\/div>  <br>","protected":false},"author":1,"featured_media":0,"comment_status":"closed","ping_status":"open","sticky":false,"template":"","format":"standard","meta":{"ocean_post_layout":"","ocean_both_sidebars_style":"","ocean_both_sidebars_content_width":0,"ocean_both_sidebars_sidebars_width":0,"ocean_sidebar":"","ocean_second_sidebar":"","ocean_disable_margins":"enable","ocean_add_body_class":"","ocean_shortcode_before_top_bar":"","ocean_shortcode_after_top_bar":"","ocean_shortcode_before_header":"","ocean_shortcode_after_header":"","ocean_has_shortcode":"","ocean_shortcode_after_title":"","ocean_shortcode_before_footer_widgets":"","ocean_shortcode_after_footer_widgets":"","ocean_shortcode_before_footer_bottom":"","ocean_shortcode_after_footer_bottom":"","ocean_display_top_bar":"default","ocean_display_header":"default","ocean_header_style":"","ocean_center_header_left_menu":"","ocean_custom_header_template":"","ocean_custom_logo":0,"ocean_custom_retina_logo":0,"ocean_custom_logo_max_width":0,"ocean_custom_logo_tablet_max_width":0,"ocean_custom_logo_mobile_max_width":0,"ocean_custom_logo_max_height":0,"ocean_custom_logo_tablet_max_height":0,"ocean_custom_logo_mobile_max_height":0,"ocean_header_custom_menu":"","ocean_menu_typo_font_family":"","ocean_menu_typo_font_subset":"","ocean_menu_typo_font_size":0,"ocean_menu_typo_font_size_tablet":0,"ocean_menu_typo_font_size_mobile":0,"ocean_menu_typo_font_size_unit":"px","ocean_menu_typo_font_weight":"","ocean_menu_typo_font_weight_tablet":"","ocean_menu_typo_font_weight_mobile":"","ocean_menu_typo_transform":"","ocean_menu_typo_transform_tablet":"","ocean_menu_typo_transform_mobile":"","ocean_menu_typo_line_height":0,"ocean_menu_typo_line_height_tablet":0,"ocean_menu_typo_line_height_mobile":0,"ocean_menu_typo_line_height_unit":"","ocean_menu_typo_spacing":0,"ocean_menu_typo_spacing_tablet":0,"ocean_menu_typo_spacing_mobile":0,"ocean_menu_typo_spacing_unit":"","ocean_menu_link_color":"","ocean_menu_link_color_hover":"","ocean_menu_link_color_active":"","ocean_menu_link_background":"","ocean_menu_link_hover_background":"","ocean_menu_link_active_background":"","ocean_menu_social_links_bg":"","ocean_menu_social_hover_links_bg":"","ocean_menu_social_links_color":"","ocean_menu_social_hover_links_color":"","ocean_disable_title":"default","ocean_disable_heading":"default","ocean_post_title":"","ocean_post_subheading":"","ocean_post_title_style":"","ocean_post_title_background_color":"","ocean_post_title_background":0,"ocean_post_title_bg_image_position":"","ocean_post_title_bg_image_attachment":"","ocean_post_title_bg_image_repeat":"","ocean_post_title_bg_image_size":"","ocean_post_title_height":0,"ocean_post_title_bg_overlay":0.5,"ocean_post_title_bg_overlay_color":"","ocean_disable_breadcrumbs":"default","ocean_breadcrumbs_color":"","ocean_breadcrumbs_separator_color":"","ocean_breadcrumbs_links_color":"","ocean_breadcrumbs_links_hover_color":"","ocean_display_footer_widgets":"default","ocean_display_footer_bottom":"default","ocean_custom_footer_template":"","ocean_post_oembed":"","ocean_post_self_hosted_media":"","ocean_post_video_embed":"","ocean_link_format":"","ocean_link_format_target":"self","ocean_quote_format":"","ocean_quote_format_link":"post","ocean_gallery_link_images":"on","ocean_gallery_id":[],"footnotes":""},"categories":[130,10],"tags":[],"series":[129],"post_folder":[],"class_list":["post-1342","post","type-post","status-publish","format-standard","hentry","category-310-octobre-2025","category-lu-pour-vous","series-n-310-octobre-2025","entry"],"_links":{"self":[{"href":"https:\/\/convergences.snasub.fr\/index.php\/wp-json\/wp\/v2\/posts\/1342","targetHints":{"allow":["GET"]}}],"collection":[{"href":"https:\/\/convergences.snasub.fr\/index.php\/wp-json\/wp\/v2\/posts"}],"about":[{"href":"https:\/\/convergences.snasub.fr\/index.php\/wp-json\/wp\/v2\/types\/post"}],"author":[{"embeddable":true,"href":"https:\/\/convergences.snasub.fr\/index.php\/wp-json\/wp\/v2\/users\/1"}],"replies":[{"embeddable":true,"href":"https:\/\/convergences.snasub.fr\/index.php\/wp-json\/wp\/v2\/comments?post=1342"}],"version-history":[{"count":2,"href":"https:\/\/convergences.snasub.fr\/index.php\/wp-json\/wp\/v2\/posts\/1342\/revisions"}],"predecessor-version":[{"id":1345,"href":"https:\/\/convergences.snasub.fr\/index.php\/wp-json\/wp\/v2\/posts\/1342\/revisions\/1345"}],"wp:attachment":[{"href":"https:\/\/convergences.snasub.fr\/index.php\/wp-json\/wp\/v2\/media?parent=1342"}],"wp:term":[{"taxonomy":"category","embeddable":true,"href":"https:\/\/convergences.snasub.fr\/index.php\/wp-json\/wp\/v2\/categories?post=1342"},{"taxonomy":"post_tag","embeddable":true,"href":"https:\/\/convergences.snasub.fr\/index.php\/wp-json\/wp\/v2\/tags?post=1342"},{"taxonomy":"series","embeddable":true,"href":"https:\/\/convergences.snasub.fr\/index.php\/wp-json\/wp\/v2\/series?post=1342"},{"taxonomy":"post_folder","embeddable":true,"href":"https:\/\/convergences.snasub.fr\/index.php\/wp-json\/wp\/v2\/post_folder?post=1342"}],"curies":[{"name":"wp","href":"https:\/\/api.w.org\/{rel}","templated":true}]}}