{"id":1325,"date":"2025-10-21T14:31:51","date_gmt":"2025-10-21T12:31:51","guid":{"rendered":"https:\/\/convergences.snasub.fr\/?p=1325"},"modified":"2025-10-21T14:31:51","modified_gmt":"2025-10-21T12:31:51","slug":"motion-dactualite-adoptee-a-la-can-du-snasub-fsu-des-16-et-17-septembre-2025","status":"publish","type":"post","link":"https:\/\/convergences.snasub.fr\/index.php\/2025\/10\/21\/motion-dactualite-adoptee-a-la-can-du-snasub-fsu-des-16-et-17-septembre-2025\/","title":{"rendered":"Motion d\u2019actualit\u00e9 adopt\u00e9e \u00e0 la CAN du SNASUB-FSU des 16 et 17\u00a0septembre 2025"},"content":{"rendered":"\n<blockquote class=\"wp-block-quote is-layout-flow wp-block-quote-is-layout-flow\">\n<p>La commission nationale du SNASUB-FSU s\u2019est r\u00e9unie ces 16 et 17 septembre 2025 dans une p\u00e9riode tr\u00e8s particuli\u00e8re, marqu\u00e9e par la crise politique \u00e0 la t\u00eate du pays mais aussi par un ressaisissement d\u2019une partie de la population qui souhaite tourner la page du lib\u00e9ralisme et qui l\u2019exprime de diverses mani\u00e8res.<br>Pour le SNASUB-FSU, cette situation nous pousse \u00e0 \u00eatre plus que jamais \u00e0 l\u2019offensive pour avancer nos revendications et porter notre exigence de justice sociale.<\/p>\n<\/blockquote>\n\n\n\n<figure class=\"wp-block-image size-large\"><img loading=\"lazy\" decoding=\"async\" width=\"1024\" height=\"768\" src=\"https:\/\/convergences.snasub.fr\/wp-content\/uploads\/2025\/10\/CAN-1024x768.jpg\" alt=\"\" class=\"wp-image-1346\" srcset=\"https:\/\/convergences.snasub.fr\/wp-content\/uploads\/2025\/10\/CAN-1024x768.jpg 1024w, https:\/\/convergences.snasub.fr\/wp-content\/uploads\/2025\/10\/CAN-300x225.jpg 300w, https:\/\/convergences.snasub.fr\/wp-content\/uploads\/2025\/10\/CAN-768x576.jpg 768w, https:\/\/convergences.snasub.fr\/wp-content\/uploads\/2025\/10\/CAN-1536x1152.jpg 1536w, https:\/\/convergences.snasub.fr\/wp-content\/uploads\/2025\/10\/CAN-2048x1536.jpg 2048w\" sizes=\"auto, (max-width: 1024px) 100vw, 1024px\" \/><\/figure>\n\n\n\n<h2 class=\"wp-block-heading\">La Macronie en difficult\u00e9<\/h2>\n\n\n\n<p>La politique de l\u2019offre, alpha et om\u00e9ga de l\u2019orientation du pr\u00e9sident Macron pr\u00e9cipite le pays dans une crise sociale, politique et budg\u00e9taire majeure. Elle se heurte d\u00e9sormais \u00e0 toutes ses contradictions qui g\u00e9n\u00e8rent une spirale de reculs sociaux inacceptables et un accroissement sans fin des in\u00e9galit\u00e9s rejet\u00e9 par une majorit\u00e9 de la population, comme l\u2019a montr\u00e9 le mouvement social de 2023 contre la r\u00e9forme des retraites. Sans majorit\u00e9, le pr\u00e9sident et ses soutiens s\u2019ent\u00eatent, malgr\u00e9 les censures de l\u2019Assembl\u00e9e nationale.&nbsp;<\/p>\n\n\n\n<p>La chute du gouvernement Bayrou le lundi&nbsp;8&nbsp;septembre, apr\u00e8s celle du gouvernement Barnier en d\u00e9cembre dernier, a conduit le pr\u00e9sident de la R\u00e9publique \u00e0 nommer un de ses fid\u00e8les au poste de Premier ministre. Ceci n\u2019augure en rien d\u2019une orientation radicalement diff\u00e9rente.<\/p>\n\n\n\n<p>Si S\u00e9bastien Lecornu affirme \u2014 sans rire \u2014 vouloir op\u00e9rer une rupture sur la forme et sur le fond, pour l\u2019instant, il n\u2019indique pas vouloir r\u00e9pondre aux revendications de progr\u00e8s social pour le plus grand nombre ni rompre avec toutes les politiques de discriminations engag\u00e9es ces derni\u00e8res ann\u00e9es sous la pression de l\u2019extr\u00eame droite.<\/p>\n\n\n\n<p>S\u2019il renonce \u00e0 la suppression des deux jours f\u00e9ri\u00e9s (mesure la plus provocatrice avanc\u00e9e par Bayrou), il pr\u00e9cise aussit\u00f4t qu\u2019il faudra \u00ab\u2009trouver d\u2019autres sources de financement\u2009\u00bb pour compenser cette disposition annul\u00e9e. Il souhaite maintenir le cadre global de l\u2019aust\u00e9rit\u00e9 plut\u00f4t que d\u2019aller chercher l\u2019argent dans les poches des plus riches, choy\u00e9s par les politiques des diff\u00e9rents gouvernements Macron.<\/p>\n\n\n\n<p>Nous consid\u00e9rons que seul un gouvernement au service des salari\u00e9\u00b7es, des retrait\u00e9\u00b7es et des jeunes serait en mesure de r\u00e9pondre positivement aux revendications syndicales et aux aspirations citoyennes.<\/p>\n\n\n\n<h2 class=\"wp-block-heading\">La guerre en Ukraine et en Palestine\u2026<\/h2>\n\n\n\n<p>Il n\u2019est pas possible pour nous d\u2019ignorer ces questions internationales. La politique g\u00e9nocidaire du gouvernement Netanyahou men\u00e9e contre les Palestiniens et qui vise \u00e0 leur \u00e9puration ethnique doit \u00eatre stopp\u00e9e au plus vite\u2009! Et la reconnaissance d\u2019un \u00e9tat palestinien, viable et durable, est d\u2019une urgence absolue. La situation insupportable faite \u00e0 l\u2019Ukraine par Poutine et son refus de toute n\u00e9gociation nous oblige \u00e0 la solidarit\u00e9 internationale avec les peuples attaqu\u00e9s. Le pr\u00e9sident Macron lui-m\u00eame incite \u00e0 l\u2019armement national europ\u00e9en pour contrer la puissance russe. Le SNASUB-FSU, fid\u00e8le \u00e0 l\u2019esprit de solidarit\u00e9 internationale et \u00e0 la Paix, consid\u00e8re qu\u2019un embrasement dans la partie est de l\u2019Europe conduirait au chaos.&nbsp;<\/p>\n\n\n\n<h2 class=\"wp-block-heading\">Une rentr\u00e9e sociale qui pose au premier plan le refus de l\u2019aust\u00e9rit\u00e9\u2009!<\/h2>\n\n\n\n<p>Depuis les annonces de Bayrou sur la baisse de 44&nbsp;milliards aux budgets de l\u2019\u00c9tat et de la S\u00e9curit\u00e9 sociale, une vague de contestation grandit dans le pays. La r\u00e9action syndicale unitaire a \u00e9t\u00e9 imm\u00e9diate, d\u00e8s le mois de juillet, avec le lancement d\u2019une p\u00e9tition actuellement sign\u00e9e par plus de 390\u2009000&nbsp;personnes et l\u2019organisation d\u2019une grande journ\u00e9e unitaire de mobilisation le 18&nbsp;septembre.<\/p>\n\n\n\n<p>Autre marqueur du refus des cons\u00e9quences environnementales du n\u00e9olib\u00e9ralisme,&nbsp;le succ\u00e8s de la p\u00e9tition, lanc\u00e9e par une jeune chercheuse, pour l\u2019abrogation de la loi Duplomb qui \u00ab\u2009repr\u00e9sente une attaque frontale contre la sant\u00e9 publique, la biodiversit\u00e9, la coh\u00e9rence des politiques climatiques, la s\u00e9curit\u00e9 alimentaire, et le bon sens\u2009\u00bb et qui a r\u00e9uni plus de 2,1&nbsp;millions de signatures pendant l\u2019\u00e9t\u00e9.<\/p>\n\n\n\n<p>Dans le m\u00eame temps, le mouvement citoyen \u00ab\u2009Bloquons tout\u2009\u00bb s\u2019est d\u00e9velopp\u00e9 au point d\u2019\u00eatre soutenu par 63&nbsp;% de la population \u00e0 la mi-ao\u00fbt et d\u2019avoir pu provoquer la journ\u00e9e d\u2019actions du 10&nbsp;septembre.<\/p>\n\n\n\n<h2 class=\"wp-block-heading\">On a commenc\u00e9 le 10&nbsp;septembre\u2009! Il faut continuer le 18 et apr\u00e8s\u2026<\/h2>\n\n\n\n<p>Dans ce contexte, la FSU et le SNASUB-FSU ont appel\u00e9 au 10&nbsp;septembre apr\u00e8s en avoir discut\u00e9 dans leurs instances respectives. Nous y voyions un moyen d\u2019unir nos forces, par-del\u00e0 les diff\u00e9rences, car les revendications rejoignaient les n\u00f4tres&nbsp;: NON au budget Bayrou, oui aux services publics, pour de meilleurs salaires, pour la justice sociale et fiscale\u2026<\/p>\n\n\n\n<p>Plusieurs centaines de milliers de personnes se sont mises en action&nbsp;: des secteurs professionnels diversifi\u00e9s, une jeunesse mobilis\u00e9e sur des revendications sociales, de justice, et r\u00e9tifs aux perspectives de guerre et un mouvement intersyndical le plus souvent en soutien et en accompagnement des actions. D\u2019autres rendez-vous doivent suivre&nbsp;: le 18&nbsp;septembre et apr\u00e8s, pour ne pas faire retomber la pression tant que nous n\u2019aurons pas eu satisfaction. L\u2019aust\u00e9rit\u00e9 n\u2019est pas une fatalit\u00e9\u2009!<\/p>\n\n\n\n<p>Le SNASUB-FSU consid\u00e8re que la situation de blocage politique et les projets de budgets exigent une mobilisation d\u00e9termin\u00e9e et durable. La journ\u00e9e du 18&nbsp;septembre ne pourra rester sans lendemain. Le SNASUB-FSU mandate la FSU pour qu\u2019elle porte la n\u00e9cessit\u00e9 de nouvelles et proches dates de gr\u00e8ve et de mobilisation pour organiser la mont\u00e9e de la conflictualisation sociale et gagner un budget de justice sociale. Il est grand temps de faire payer les riches et de faire cesser les cadeaux aux actionnaires et aux grandes entreprises.<\/p>\n\n\n\n<h2 class=\"wp-block-heading\">Une revalorisation indemnitaire tr\u00e8s largement insuffisante<\/h2>\n\n\n\n<p>Pour 2025 la revalorisation de l\u2019IFSE est cantonn\u00e9e au b\u00e9n\u00e9fice des seuls agents de cat\u00e9gorie C dans l\u2019\u00e9ducation nationale et \u00e0 Jeunesse et sports&nbsp;: + 200&nbsp;\u20ac en ATRF et +170&nbsp;\u20ac en ADJAENES \u2014 soit respectivement 17&nbsp;\u20ac brut et 14&nbsp;\u20ac brut par mois en plus sur la fiche de paie.<\/p>\n\n\n\n<p>Dans l\u2019enseignement sup\u00e9rieur, l\u2019enveloppe de \u00ab\u2009convergence indemnitaire\u2009\u00bb est elle aussi d\u00e9di\u00e9e \u00e0 la revalorisation indemnitaire des personnels de cat\u00e9gorie C, \u00e0 hauteur de 240&nbsp;euros brut annuels, mais ce fl\u00e9chage est th\u00e9orique, les \u00e9tablissements autonomes pouvant d\u00e9penser leur enveloppe comme ils l\u2019entendent.<\/p>\n\n\n\n<p>Ces montants ne repr\u00e9sentent en rien une revalorisation \u00e0 la hauteur des pertes de pouvoir d\u2019achat. Et rien pour les personnels de cat\u00e9gorie A et B ni pour les personnels Culture\u2009!<\/p>\n\n\n\n<p>Le SNASUB-FSU revendique, au-del\u00e0 de ces quelques miettes indemnitaires, une revalorisation de nos grilles salariales avec int\u00e9gration des indemnit\u00e9s mensuelles et une reconnaissance pour tous les personnels effectuant des missions sup\u00e9rieures \u00e0 leur niveau de recrutement, par un v\u00e9ritable plan de requalification des emplois de C en B et de B en A.&nbsp;<\/p>\n\n\n\n<h2 class=\"wp-block-heading\">Un nouveau cadre de gestion des personnels contractuel\u00b7les issu de la DGRH<\/h2>\n\n\n\n<p>La publication du cadre de gestion au Bulletin officiel du 21&nbsp;ao\u00fbt 2025 \u2014 \u00e0 l\u2019initiative de la direction g\u00e9n\u00e9rale des ressources humaines \u2014 pour les personnels de l\u2019\u00e9ducation nationale et de Jeunesse et sports et incluant les op\u00e9rateurs, doit permettre quelques avanc\u00e9es. Elle se pr\u00e9sente comme un support en direction des administrations pour d\u00e9ployer notamment de bonnes pratiques, comme la dur\u00e9e des contrats \u00e0 12&nbsp;mois au lieu de 10 pour les contrats \u00e0 l\u2019ann\u00e9e. La r\u00e9mun\u00e9ration des contractuel.les doit prendre en compte dans sa part fixe les montants moyens indemnitaires vers\u00e9s aux fonctionnaires remplac\u00e9s. \u00c9videmment, ces sujets font partie d\u2019une bataille dans chaque administration (d\u00e9concentr\u00e9e) pour obtenir des am\u00e9liorations pour les agents non titulaires. Des demandes de groupes de travail, de points \u00e0 l\u2019ordre du jour des CSA devront \u00eatre nos priorit\u00e9s si les employeurs \u00e9vitent le sujet. La publication d\u2019un tel guide dans l\u2019enseignement sup\u00e9rieur et la recherche est \u00e0 l\u2019ordre du jour de l\u2019agenda social.<\/p>\n\n\n\n<h2 class=\"wp-block-heading\">Mettre en avant nos revendications\u2009!<\/h2>\n\n\n\n<h3 class=\"wp-block-heading\">Dans les EPLE<\/h3>\n\n\n\n<p>Les \u00e9changes de la commission EPLE ont mis en exergue l\u2019ambiance de travail d\u00e9grad\u00e9e dans les \u00e9tablissements scolaires et l\u2019augmentation du nombre de personnels en souffrance. Le sous-effectif et l\u2019insuffisance des formations avant la prise de poste sont en partie la cause de cette d\u00e9gradation, dans un contexte de d\u00e9ploiement de nouveaux outils.<\/p>\n\n\n\n<p>Les repr\u00e9sentant.es du SNASUB-FSU continuent de lutter pour l\u2019am\u00e9lioration des conditions de travail des personnels des EPLE et demandent des cr\u00e9ations de postes \u00e0 la hauteur des besoins&nbsp;<\/p>\n\n\n\n<p>Notre syndicat doit \u00e9galement contribuer au n\u00e9cessaire travail revendicatif sur la situation actuelle du b\u00e2ti scolaire, li\u00e9e aux enjeux de la transition \u00e9cologique, en apportant son expertise en la mati\u00e8re.<\/p>\n\n\n\n<p>Nous constatons par ailleurs un manque d\u2019attractivit\u00e9 du m\u00e9tier de personnel de laboratoire, du fait de r\u00e9mun\u00e9rations inf\u00e9rieures \u00e0 celles pratiqu\u00e9es dans le priv\u00e9 ou dans d\u2019autres minist\u00e8res. Les concours internes et externes de recrutement restent souvent infructueux. D\u2019ann\u00e9e en ann\u00e9e, le recrutement des contractuel\u00b7les pour pourvoir les postes vacants est de plus en plus difficile.&nbsp;<\/p>\n\n\n\n<p>Il est urgent de requalifier tous les postes d\u2019agents de laboratoire pour endiguer la fuite des personnels et valoriser les fonctions occup\u00e9es.<\/p>\n\n\n\n<h2 class=\"wp-block-heading\">Services<\/h2>\n\n\n\n<p>Dans un certain nombre d\u2019acad\u00e9mies et d\u2019op\u00e9rateurs de l\u2019\u00e9ducation nationale, la question du temps de travail se pose \u00e0 diff\u00e9rentes \u00e9chelles. Ici, le temps de travail est revu \u00e0 la hausse, l\u00e0, les heures suppl\u00e9mentaires sont combattues par la hi\u00e9rarchie, ailleurs, l\u2019acc\u00e8s au t\u00e9l\u00e9travail est r\u00e9duit \u00e0 portion congrue. L\u2019axe g\u00e9n\u00e9ral est la remise en cause des acquis, voire la non-application de textes r\u00e9glementaires.&nbsp;<\/p>\n\n\n\n<p>Les personnels sont malmen\u00e9s d\u2019une fa\u00e7on ou d\u2019une autre, allant jusqu\u2019\u00e0 des formes d\u2019autoritarisme comme mode de gestion, dans un contexte de compression de budgets.<\/p>\n\n\n\n<h3 class=\"wp-block-heading\">Enseignement sup\u00e9rieur et Culture<\/h3>\n\n\n\n<p>Le SNASUB-FSU renouvelle son opposition au projet de loi relatif \u00e0 la r\u00e9gulation et \u00e0 la modernisation de l\u2019enseignement sup\u00e9rieur priv\u00e9 qui met en concurrence le priv\u00e9 et le service public de l\u2019ESR, volontairement affaibli par sa tutelle depuis des ann\u00e9es. Derri\u00e8re son intitul\u00e9 qui peut para\u00eet consensuel, de nouvelles attaques contre les \u00e9tablissements publics sont pr\u00e9sentes, comme la proposition d\u2019allonger de trois ans l\u2019exp\u00e9rimentation des EPE (\u00e0 compl\u00e9ter).<\/p>\n\n\n\n<p>D\u00e9pos\u00e9 de fa\u00e7on expresse par le minist\u00e8re \u00e0 la veille des cong\u00e9s universitaires, le devenir de ce projet de loi est incertain dans le contexte politique du moment. Le SNASUB-FSU informe les personnels des dangers qu\u2019il comporte pour le service public.<\/p>\n\n\n\n<h3 class=\"wp-block-heading\">Biblioth\u00e8ques<\/h3>\n\n\n\n<p>Le SNASUB-FSU, secteur Biblioth\u00e8ques, s\u2019oppose fermement \u00e0 la fusion des agences ABES, AMUE et CINES, annonc\u00e9e par le minist\u00e8re de l\u2019Enseignement sup\u00e9rieur le 2&nbsp;septembre 2025.<\/p>\n\n\n\n<p>Ce projet pr\u00e9cipit\u00e9 et technocratique menace les expertises, les emplois et la qualit\u00e9 du service public dans l\u2019ESR. Le syndicat en exige le retrait et des garanties sur le maintien des missions et des postes. Il appelle les personnels et usagers de l\u2019ESR \u00e0 se mobiliser pour d\u00e9fendre un service public humain et efficace.<\/p>\n\n\n\n<p>\u00c0 la BPI, suite au d\u00e9m\u00e9nagement, les personnels attendent toujours la nomination d\u2019une nouvelle direction.<\/p>\n\n\n\n<p>Les repr\u00e9sentants du personnel, r\u00e9partis sur plusieurs sites et confront\u00e9s \u00e0 des r\u00e9organisations, peinent \u00e0 maintenir un dialogue efficace. De plus, les jours de fermeture de la BPI doivent d\u00e9sormais \u00eatre pos\u00e9s comme cong\u00e9s par les agents contractuels. Le SNASUB-FSU apporte tout son soutien aux coll\u00e8gues de la BPI.<\/p>\n\n\n\n<h2 class=\"wp-block-heading\">La mobilisation de toutes et tous reste la seule solution pour imposer nos revendications\u2009!<\/h2>\n\n\n\n<p>La commission administrative nationale appelle les personnels \u00e0 se mobiliser pour gagner des avanc\u00e9es pour nos conditions de travail et de vie.<\/p>\n\n\n\n<p>Nous appelons \u00e0 poursuivre le mouvement entam\u00e9 le 10&nbsp;septembre, \u00e0 faciliter la jonction du mouvement unitaire, syndical et citoyen, \u00e0 participer aux initiatives de l\u2019intersyndicale pour&nbsp;:<\/p>\n\n\n\n<ul class=\"wp-block-list\">\n<li>le retrait des budgets Macron-Lecornu et pour des budgets de justice sociale\u2009;<\/li>\n\n\n\n<li>la hausse significative de nos salaires, comprenant l\u2019int\u00e9gration des indemnit\u00e9s mensuelles dans de nouvelles grilles indiciaires refondues\u2009;<\/li>\n\n\n\n<li>la cr\u00e9ation massive d\u2019emplois de fonctionnaires, contre les suppressions de postes annonc\u00e9es\u2009;<\/li>\n\n\n\n<li>un plan de titularisation des contractuel\u00b7les, pour en finir avec la pr\u00e9carit\u00e9\u2009;<\/li>\n\n\n\n<li>l\u2019abrogation de la r\u00e9forme Macron des retraites, pour le retour du droit de partir \u00e0 60&nbsp;ans\u2009;&nbsp;<\/li>\n\n\n\n<li>des moyens de fonctionnement pour l\u2019ensemble des services publics\u2009;<\/li>\n\n\n\n<li>l\u2019abrogation de la loi Duplomb.<\/li>\n<\/ul>\n<div class=\"seriesmeta\">Cet article est la rubrique 8 sur 15 du Convergences <a href=\"https:\/\/convergences.snasub.fr\/index.php\/series\/n-310-octobre-2025\/\" class=\"series-129\" title=\"N\u00b0 310 \u2014 Octobre 2025\">N\u00b0 310 \u2014 Octobre 2025<\/a><\/div>  <br>","protected":false},"excerpt":{"rendered":"<p>La commission nationale du SNASUB-FSU s\u2019est r\u00e9unie ces 16 et 17 septembre 2025 dans une p\u00e9riode tr\u00e8s particuli\u00e8re, marqu\u00e9e par la crise politique \u00e0 la t\u00eate du pays mais aussi par un ressaisissement d\u2019une partie de la population qui souhaite tourner la page du lib\u00e9ralisme et qui l\u2019exprime de diverses mani\u00e8res.Pour le SNASUB-FSU, cette situation [&hellip;]<\/p>\n<div class=\"seriesmeta\">Cet article est la rubrique 8 de 15 du Convergences <a href=\"https:\/\/convergences.snasub.fr\/index.php\/series\/n-310-octobre-2025\/\" class=\"series-129\" title=\"N\u00b0 310 \u2014 Octobre 2025\">N\u00b0 310 \u2014 Octobre 2025<\/a><\/div>  <br>","protected":false},"author":1,"featured_media":0,"comment_status":"closed","ping_status":"open","sticky":false,"template":"","format":"standard","meta":{"ocean_post_layout":"","ocean_both_sidebars_style":"","ocean_both_sidebars_content_width":0,"ocean_both_sidebars_sidebars_width":0,"ocean_sidebar":"","ocean_second_sidebar":"","ocean_disable_margins":"enable","ocean_add_body_class":"","ocean_shortcode_before_top_bar":"","ocean_shortcode_after_top_bar":"","ocean_shortcode_before_header":"","ocean_shortcode_after_header":"","ocean_has_shortcode":"","ocean_shortcode_after_title":"","ocean_shortcode_before_footer_widgets":"","ocean_shortcode_after_footer_widgets":"","ocean_shortcode_before_footer_bottom":"","ocean_shortcode_after_footer_bottom":"","ocean_display_top_bar":"default","ocean_display_header":"default","ocean_header_style":"","ocean_center_header_left_menu":"","ocean_custom_header_template":"","ocean_custom_logo":0,"ocean_custom_retina_logo":0,"ocean_custom_logo_max_width":0,"ocean_custom_logo_tablet_max_width":0,"ocean_custom_logo_mobile_max_width":0,"ocean_custom_logo_max_height":0,"ocean_custom_logo_tablet_max_height":0,"ocean_custom_logo_mobile_max_height":0,"ocean_header_custom_menu":"","ocean_menu_typo_font_family":"","ocean_menu_typo_font_subset":"","ocean_menu_typo_font_size":0,"ocean_menu_typo_font_size_tablet":0,"ocean_menu_typo_font_size_mobile":0,"ocean_menu_typo_font_size_unit":"px","ocean_menu_typo_font_weight":"","ocean_menu_typo_font_weight_tablet":"","ocean_menu_typo_font_weight_mobile":"","ocean_menu_typo_transform":"","ocean_menu_typo_transform_tablet":"","ocean_menu_typo_transform_mobile":"","ocean_menu_typo_line_height":0,"ocean_menu_typo_line_height_tablet":0,"ocean_menu_typo_line_height_mobile":0,"ocean_menu_typo_line_height_unit":"","ocean_menu_typo_spacing":0,"ocean_menu_typo_spacing_tablet":0,"ocean_menu_typo_spacing_mobile":0,"ocean_menu_typo_spacing_unit":"","ocean_menu_link_color":"","ocean_menu_link_color_hover":"","ocean_menu_link_color_active":"","ocean_menu_link_background":"","ocean_menu_link_hover_background":"","ocean_menu_link_active_background":"","ocean_menu_social_links_bg":"","ocean_menu_social_hover_links_bg":"","ocean_menu_social_links_color":"","ocean_menu_social_hover_links_color":"","ocean_disable_title":"default","ocean_disable_heading":"default","ocean_post_title":"","ocean_post_subheading":"","ocean_post_title_style":"","ocean_post_title_background_color":"","ocean_post_title_background":0,"ocean_post_title_bg_image_position":"","ocean_post_title_bg_image_attachment":"","ocean_post_title_bg_image_repeat":"","ocean_post_title_bg_image_size":"","ocean_post_title_height":0,"ocean_post_title_bg_overlay":0.5,"ocean_post_title_bg_overlay_color":"","ocean_disable_breadcrumbs":"default","ocean_breadcrumbs_color":"","ocean_breadcrumbs_separator_color":"","ocean_breadcrumbs_links_color":"","ocean_breadcrumbs_links_hover_color":"","ocean_display_footer_widgets":"default","ocean_display_footer_bottom":"default","ocean_custom_footer_template":"","ocean_post_oembed":"","ocean_post_self_hosted_media":"","ocean_post_video_embed":"","ocean_link_format":"","ocean_link_format_target":"self","ocean_quote_format":"","ocean_quote_format_link":"post","ocean_gallery_link_images":"on","ocean_gallery_id":[],"footnotes":""},"categories":[130,132],"tags":[],"series":[129],"post_folder":[],"class_list":["post-1325","post","type-post","status-publish","format-standard","hentry","category-310-octobre-2025","category-motion-de-la-can","series-n-310-octobre-2025","entry"],"_links":{"self":[{"href":"https:\/\/convergences.snasub.fr\/index.php\/wp-json\/wp\/v2\/posts\/1325","targetHints":{"allow":["GET"]}}],"collection":[{"href":"https:\/\/convergences.snasub.fr\/index.php\/wp-json\/wp\/v2\/posts"}],"about":[{"href":"https:\/\/convergences.snasub.fr\/index.php\/wp-json\/wp\/v2\/types\/post"}],"author":[{"embeddable":true,"href":"https:\/\/convergences.snasub.fr\/index.php\/wp-json\/wp\/v2\/users\/1"}],"replies":[{"embeddable":true,"href":"https:\/\/convergences.snasub.fr\/index.php\/wp-json\/wp\/v2\/comments?post=1325"}],"version-history":[{"count":2,"href":"https:\/\/convergences.snasub.fr\/index.php\/wp-json\/wp\/v2\/posts\/1325\/revisions"}],"predecessor-version":[{"id":1348,"href":"https:\/\/convergences.snasub.fr\/index.php\/wp-json\/wp\/v2\/posts\/1325\/revisions\/1348"}],"wp:attachment":[{"href":"https:\/\/convergences.snasub.fr\/index.php\/wp-json\/wp\/v2\/media?parent=1325"}],"wp:term":[{"taxonomy":"category","embeddable":true,"href":"https:\/\/convergences.snasub.fr\/index.php\/wp-json\/wp\/v2\/categories?post=1325"},{"taxonomy":"post_tag","embeddable":true,"href":"https:\/\/convergences.snasub.fr\/index.php\/wp-json\/wp\/v2\/tags?post=1325"},{"taxonomy":"series","embeddable":true,"href":"https:\/\/convergences.snasub.fr\/index.php\/wp-json\/wp\/v2\/series?post=1325"},{"taxonomy":"post_folder","embeddable":true,"href":"https:\/\/convergences.snasub.fr\/index.php\/wp-json\/wp\/v2\/post_folder?post=1325"}],"curies":[{"name":"wp","href":"https:\/\/api.w.org\/{rel}","templated":true}]}}