{"id":1059,"date":"2025-03-27T10:23:07","date_gmt":"2025-03-27T09:23:07","guid":{"rendered":"https:\/\/convergences.snasub.fr\/?p=1059"},"modified":"2025-03-27T10:23:07","modified_gmt":"2025-03-27T09:23:07","slug":"lu-pour-vous-7","status":"publish","type":"post","link":"https:\/\/convergences.snasub.fr\/index.php\/2025\/03\/27\/lu-pour-vous-7\/","title":{"rendered":"Lu pour vous"},"content":{"rendered":"\n<h2 class=\"wp-block-heading\">Cong\u00e9s de maladie<\/h2>\n\n\n\n<p><a href=\"https:\/\/www.legifrance.gouv.fr\/loda\/id\/JORFTEXT000051168007\/2025-03-13\/\" target=\"_blank\" rel=\"noreferrer noopener\">Article\u00a0189 de la loi n\u00b0\u00a02025-127 du 14\u00a0f\u00e9vrier 2025 de finances pour 2025<\/a><\/p>\n\n\n\n<p>Cet article modifie l\u2019article L.&nbsp;822-3 du code g\u00e9n\u00e9ral de la fonction publique en rempla\u00e7ant&nbsp;\u00ab\u2009le fonctionnaire en cong\u00e9 de maladie per\u00e7oit pendant trois mois l\u2019int\u00e9gralit\u00e9 de son traitement\u2009\u00bb par \u00ab\u2009le fonctionnaire en cong\u00e9 de maladie per\u00e7oit pendant trois mois 90&nbsp;% de son traitement\u2009\u00bb<\/p>\n\n\n\n<p><a href=\"https:\/\/www.legifrance.gouv.fr\/loda\/id\/LEGIARTI000051267041\/2025-03-01\/\">D\u00e9cret n\u00b0\u00a02025-197 du 27\u00a0f\u00e9vrier 2025 relatif aux r\u00e8gles de r\u00e9mun\u00e9ration de certains agents publics plac\u00e9s en cong\u00e9 de maladie ordinaire ou en cong\u00e9 de maladie.<\/a><\/p>\n\n\n\n<p>Ce d\u00e9cret \u00e9tablit pour les contractuels de l\u2019\u00c9tat \u00e0 90&nbsp;% le taux de remplacement du traitement pour les p\u00e9riodes de cong\u00e9 de maladie.<br>Il reporte \u00e9galement la date d\u2019entr\u00e9e en vigueur de la subrogation en mati\u00e8re de maladie, maternit\u00e9, paternit\u00e9, adoption et accidents du travail et maladies professionnelles pour les employeurs des agents contractuels de l\u2019\u00c9tat au 1er&nbsp;janvier 2027.<\/p>\n\n\n\n<p><a href=\"https:\/\/www.legifrance.gouv.fr\/loda\/id\/JORFTEXT000051261514\">D\u00e9cret n\u00b0\u00a02025-198 du 27\u00a0f\u00e9vrier 2025 relatif \u00e0 la r\u00e9mun\u00e9ration maintenue en cong\u00e9 de maladie pour certains agents publics.<\/a><\/p>\n\n\n\n<p>Le d\u00e9cret \u00e9tablit pour les ouvriers de l\u2019\u00c9tat mensualis\u00e9s ou dont la r\u00e9mun\u00e9ration est d\u00e9termin\u00e9e sur la base d\u2019un salaire national \u00e0 90\u00a0% le taux de remplacement du traitement pour les p\u00e9riodes de cong\u00e9 de maladie.<\/p>\n\n\n\n<hr class=\"wp-block-separator has-alpha-channel-opacity\"\/>\n\n\n\n<h2 class=\"wp-block-heading\">Instituts r\u00e9gionaux d\u2019administration<\/h2>\n\n\n\n<p><a href=\"https:\/\/ira-gestion.fonction-publique.gouv.fr\/userfiles\/promotion\/12\/arrete-du-3-fevrier-2025-portant-ouverture-de-la-session-2025-des-concours-dacccs-aux-instituts-regionaux-dadministration.pdf\">Arr\u00eat\u00e9 du 3\u00a0f\u00e9vrier 2025 portant ouverture de la session\u00a02025 des concours d\u2019acc\u00e8s aux instituts r\u00e9gionaux d\u2019administration. Les inscriptions se d\u00e9roulent du 5\u00a0f\u00e9vrier au 6\u00a0mars 2025.<\/a><\/p>\n\n\n\n<p><a href=\"https:\/\/www.legifrance.gouv.fr\/loda\/id\/JORFTEXT000051139281\">Arr\u00eat\u00e9 du 4\u00a0f\u00e9vrier 2025 relatif aux modalit\u00e9s de remboursement des sommes dues par les \u00e9l\u00e8ves et anciens \u00e9l\u00e8ves des instituts r\u00e9gionaux d\u2019administration en cas d\u2019interruption de leur formation ou de rupture de leur engagement de servir.<\/a><\/p>\n\n\n\n<p>Cet arr\u00eat\u00e9 indique que l\u2019\u00e9l\u00e8ve qui met fin \u00e0 sa formation plus de quatre mois apr\u00e8s sa nomination rembourse au Tr\u00e9sor une somme correspondant au montant du traitement net et des indemnit\u00e9s qu\u2019il a per\u00e7ues durant son temps de formation.<br>Le fonctionnaire stagiaire qui met fin \u00e0 son stage et le fonctionnaire titulaire qui rompent leur engagement de servir remboursent au Tr\u00e9sor une somme correspondant au montant cumul\u00e9 du traitement net et des indemnit\u00e9s qu\u2019ils ont per\u00e7us durant les huit mois de formation \u00e0 l\u2019institut r\u00e9gional d\u2019administration.<\/p>\n\n\n\n<hr class=\"wp-block-separator has-alpha-channel-opacity\"\/>\n\n\n\n<h2 class=\"wp-block-heading\">Recrutement<\/h2>\n\n\n\n<p><a href=\"https:\/\/www.legifrance.gouv.fr\/loda\/id\/JORFTEXT000051122416\">Arr\u00eat\u00e9 du 27\u00a0janvier 2025 fixant au titre de l\u2019ann\u00e9e\u00a02025 le nombre de postes offerts aux concours pour le recrutement de biblioth\u00e9caires <\/a>\u00e0 11\u00a0postes pour le concours externe et 4\u00a0postes pour le concours interne.<\/p>\n\n\n\n<p><a href=\"https:\/\/www.legifrance.gouv.fr\/loda\/id\/JORFTEXT000051122420\">Arr\u00eat\u00e9 du 27\u00a0janvier 2025 fixant au titre de l\u2019ann\u00e9e\u00a02025 le nombre de postes offerts au concours externe sp\u00e9cial <\/a>pour le recrutement de biblioth\u00e9caires \u00e0 1\u00a0poste.<\/p>\n\n\n\n<p><a href=\"https:\/\/www.legifrance.gouv.fr\/loda\/id\/JORFTEXT000051122424\">Arr\u00eat\u00e9 du 27\u00a0janvier 2025 fixant au titre de l\u2019ann\u00e9e\u00a02025 le nombre de postes offerts aux concours pour le recrutement de biblioth\u00e9caires assistants sp\u00e9cialis\u00e9s de classe normale<\/a> \u00e0 19\u00a0postes pour le concours externe et 13\u00a0postes pour le concours interne.<\/p>\n\n\n\n<p><a href=\"https:\/\/www.legifrance.gouv.fr\/jorf\/id\/JORFTEXT000051145725\">Arr\u00eat\u00e9 du 30\u00a0janvier 2025 fixant au titre de l\u2019ann\u00e9e\u00a02025 le nombre de postes offerts au concours interne de recrutement d\u2019attach\u00e9s d\u2019administration de l\u2019\u00c9tat dans les services et \u00e9tablissements publics relevant des ministres de l\u2019\u00c9ducation nationale et de l\u2019Enseignement sup\u00e9rieur et de la Recherche<\/a> \u00e0 100\u00a0postes ainsi que 50\u00a0postes offerts aux b\u00e9n\u00e9ficiaires du code des pensions militaires d\u2019invalidit\u00e9 et des victimes de la guerre et 30\u00a0postes pour les b\u00e9n\u00e9ficiaires de l\u2019obligation d\u2019emploi.<\/p>\n\n\n\n<p><a href=\"https:\/\/www.legifrance.gouv.fr\/jorf\/id\/JORFTEXT000051145738\">Arr\u00eat\u00e9 du 5\u00a0f\u00e9vrier 2025 autorisant au titre de l\u2019ann\u00e9e\u00a02025 l\u2019ouverture et l\u2019organisation de concours communs pour le recrutement dans le premier grade de divers corps de fonctionnaires de cat\u00e9gorie B dont celui des secr\u00e9taires administratifs de l\u2019\u00e9ducation nationale et de l\u2019enseignement sup\u00e9rieur.<\/a> Les inscriptions se d\u00e9roulent du 11\u00a0f\u00e9vrier 2025 au 13\u00a0mars 2025.<\/p>\n\n\n\n<p><a href=\"https:\/\/www.legifrance.gouv.fr\/jorf\/id\/JORFTEXT000051145747\">Arr\u00eat\u00e9 du 5\u00a0f\u00e9vrier 2025 autorisant au titre de l\u2019ann\u00e9e\u00a02025 l\u2019ouverture et l\u2019organisation de concours communs pour le recrutement dans le deuxi\u00e8me grade de divers corps de fonctionnaires de cat\u00e9gorie C dont celui des adjoints administratifs de l\u2019\u00e9ducation nationale et de l\u2019enseignement sup\u00e9rieur.<\/a> Les inscriptions se d\u00e9roulent du 11\u00a0f\u00e9vrier 2025 au 13\u00a0mars 2025.<\/p>\n\n\n\n<p><a href=\"https:\/\/www.legifrance.gouv.fr\/loda\/id\/JORFTEXT000051249308\">Arr\u00eat\u00e9 du 14\u00a0f\u00e9vrier 2025 fixant au titre de l\u2019ann\u00e9e\u00a02025 le nombre de postes offerts \u00e0 l\u2019examen professionnel pour l\u2019avancement au grade d\u2019attach\u00e9 principal d\u2019administration de l\u2019\u00c9tat dans les services et \u00e9tablissements publics relevant des ministres charg\u00e9s de l\u2019\u00e9ducation nationale et de l\u2019enseignement sup\u00e9rieur et de la recherche<\/a> \u00e0 194.<\/p>\n\n\n\n<hr class=\"wp-block-separator has-alpha-channel-opacity\"\/>\n\n\n\n<h2 class=\"wp-block-heading\">Retraites<\/h2>\n\n\n\n<p><a href=\"https:\/\/www.education.gouv.fr\/bo\/2025\/Hebdo6\/MENF2502944C\">Circulaire du 27-1-2025 relative \u00e0 la simplification des modalit\u00e9s de gestion des retraites.<\/a><\/p>\n\n\n\n<p>La circulaire rappelle les conditions de mise \u00e0 jour des comptes individuels de retraite (CIR), d\u2019exercice du droit information retraite et d\u2019instruction des demandes de d\u00e9part en retraite des fonctionnaires. Elle pr\u00e9cise \u00e9galement que l\u2019agent doit signaler d\u00e8s qu\u2019il la constate toute erreur et rappelle que \u00e0 son 55e&nbsp;anniversaire, le CIR du fonctionnaire est r\u00e9put\u00e9 complet et peut \u00eatre consult\u00e9 \u00e0 tout moment.<br>Ce texte confirme que le SRE est l\u2019unique interlocuteur pour toute question relative \u00e0 la future pension tandis que les agents doivent contacter leur service gestionnaire pour toute question ayant trait \u00e0 la fin de carri\u00e8re.<br>\u00c0 partir de 2025, la demande de d\u00e9part en retraite effectu\u00e9e au minimum six mois et au maximum dix-huit mois avant la date du d\u00e9part vaut demande de radiation des cadres aupr\u00e8s de l\u2019employeur.<\/p>\n<div class=\"seriesmeta\">Cet article est la rubrique 10 sur 10 du Convergences <a href=\"https:\/\/convergences.snasub.fr\/index.php\/series\/n-305-mars-2025\/\" class=\"series-85\" title=\"N\u00b0 305 \u2013 Mars 2025\">N\u00b0 305 \u2013 Mars 2025<\/a><\/div>  <br>","protected":false},"excerpt":{"rendered":"<p>Cong\u00e9s de maladie Article\u00a0189 de la loi n\u00b0\u00a02025-127 du 14\u00a0f\u00e9vrier 2025 de finances pour 2025 Cet article modifie l\u2019article L.&nbsp;822-3 du code g\u00e9n\u00e9ral de la fonction publique en rempla\u00e7ant&nbsp;\u00ab\u2009le fonctionnaire en cong\u00e9 de maladie per\u00e7oit pendant trois mois l\u2019int\u00e9gralit\u00e9 de son traitement\u2009\u00bb par \u00ab\u2009le fonctionnaire en cong\u00e9 de maladie per\u00e7oit pendant trois mois 90&nbsp;% de [&hellip;]<\/p>\n<div class=\"seriesmeta\">Cet article est la rubrique 10 de 10 du Convergences <a href=\"https:\/\/convergences.snasub.fr\/index.php\/series\/n-305-mars-2025\/\" class=\"series-85\" title=\"N\u00b0 305 \u2013 Mars 2025\">N\u00b0 305 \u2013 Mars 2025<\/a><\/div>  <br>","protected":false},"author":1,"featured_media":0,"comment_status":"closed","ping_status":"open","sticky":false,"template":"","format":"standard","meta":{"ocean_post_layout":"","ocean_both_sidebars_style":"","ocean_both_sidebars_content_width":0,"ocean_both_sidebars_sidebars_width":0,"ocean_sidebar":"","ocean_second_sidebar":"","ocean_disable_margins":"enable","ocean_add_body_class":"","ocean_shortcode_before_top_bar":"","ocean_shortcode_after_top_bar":"","ocean_shortcode_before_header":"","ocean_shortcode_after_header":"","ocean_has_shortcode":"","ocean_shortcode_after_title":"","ocean_shortcode_before_footer_widgets":"","ocean_shortcode_after_footer_widgets":"","ocean_shortcode_before_footer_bottom":"","ocean_shortcode_after_footer_bottom":"","ocean_display_top_bar":"default","ocean_display_header":"default","ocean_header_style":"","ocean_center_header_left_menu":"","ocean_custom_header_template":"","ocean_custom_logo":0,"ocean_custom_retina_logo":0,"ocean_custom_logo_max_width":0,"ocean_custom_logo_tablet_max_width":0,"ocean_custom_logo_mobile_max_width":0,"ocean_custom_logo_max_height":0,"ocean_custom_logo_tablet_max_height":0,"ocean_custom_logo_mobile_max_height":0,"ocean_header_custom_menu":"","ocean_menu_typo_font_family":"","ocean_menu_typo_font_subset":"","ocean_menu_typo_font_size":0,"ocean_menu_typo_font_size_tablet":0,"ocean_menu_typo_font_size_mobile":0,"ocean_menu_typo_font_size_unit":"px","ocean_menu_typo_font_weight":"","ocean_menu_typo_font_weight_tablet":"","ocean_menu_typo_font_weight_mobile":"","ocean_menu_typo_transform":"","ocean_menu_typo_transform_tablet":"","ocean_menu_typo_transform_mobile":"","ocean_menu_typo_line_height":0,"ocean_menu_typo_line_height_tablet":0,"ocean_menu_typo_line_height_mobile":0,"ocean_menu_typo_line_height_unit":"","ocean_menu_typo_spacing":0,"ocean_menu_typo_spacing_tablet":0,"ocean_menu_typo_spacing_mobile":0,"ocean_menu_typo_spacing_unit":"","ocean_menu_link_color":"","ocean_menu_link_color_hover":"","ocean_menu_link_color_active":"","ocean_menu_link_background":"","ocean_menu_link_hover_background":"","ocean_menu_link_active_background":"","ocean_menu_social_links_bg":"","ocean_menu_social_hover_links_bg":"","ocean_menu_social_links_color":"","ocean_menu_social_hover_links_color":"","ocean_disable_title":"default","ocean_disable_heading":"default","ocean_post_title":"","ocean_post_subheading":"","ocean_post_title_style":"","ocean_post_title_background_color":"","ocean_post_title_background":0,"ocean_post_title_bg_image_position":"","ocean_post_title_bg_image_attachment":"","ocean_post_title_bg_image_repeat":"","ocean_post_title_bg_image_size":"","ocean_post_title_height":0,"ocean_post_title_bg_overlay":0.5,"ocean_post_title_bg_overlay_color":"","ocean_disable_breadcrumbs":"default","ocean_breadcrumbs_color":"","ocean_breadcrumbs_separator_color":"","ocean_breadcrumbs_links_color":"","ocean_breadcrumbs_links_hover_color":"","ocean_display_footer_widgets":"default","ocean_display_footer_bottom":"default","ocean_custom_footer_template":"","ocean_post_oembed":"","ocean_post_self_hosted_media":"","ocean_post_video_embed":"","ocean_link_format":"","ocean_link_format_target":"self","ocean_quote_format":"","ocean_quote_format_link":"post","ocean_gallery_link_images":"on","ocean_gallery_id":[],"footnotes":""},"categories":[86,10],"tags":[],"series":[85],"post_folder":[],"class_list":["post-1059","post","type-post","status-publish","format-standard","hentry","category-305-mars-2025","category-lu-pour-vous","series-n-305-mars-2025","entry"],"_links":{"self":[{"href":"https:\/\/convergences.snasub.fr\/index.php\/wp-json\/wp\/v2\/posts\/1059","targetHints":{"allow":["GET"]}}],"collection":[{"href":"https:\/\/convergences.snasub.fr\/index.php\/wp-json\/wp\/v2\/posts"}],"about":[{"href":"https:\/\/convergences.snasub.fr\/index.php\/wp-json\/wp\/v2\/types\/post"}],"author":[{"embeddable":true,"href":"https:\/\/convergences.snasub.fr\/index.php\/wp-json\/wp\/v2\/users\/1"}],"replies":[{"embeddable":true,"href":"https:\/\/convergences.snasub.fr\/index.php\/wp-json\/wp\/v2\/comments?post=1059"}],"version-history":[{"count":5,"href":"https:\/\/convergences.snasub.fr\/index.php\/wp-json\/wp\/v2\/posts\/1059\/revisions"}],"predecessor-version":[{"id":1064,"href":"https:\/\/convergences.snasub.fr\/index.php\/wp-json\/wp\/v2\/posts\/1059\/revisions\/1064"}],"wp:attachment":[{"href":"https:\/\/convergences.snasub.fr\/index.php\/wp-json\/wp\/v2\/media?parent=1059"}],"wp:term":[{"taxonomy":"category","embeddable":true,"href":"https:\/\/convergences.snasub.fr\/index.php\/wp-json\/wp\/v2\/categories?post=1059"},{"taxonomy":"post_tag","embeddable":true,"href":"https:\/\/convergences.snasub.fr\/index.php\/wp-json\/wp\/v2\/tags?post=1059"},{"taxonomy":"series","embeddable":true,"href":"https:\/\/convergences.snasub.fr\/index.php\/wp-json\/wp\/v2\/series?post=1059"},{"taxonomy":"post_folder","embeddable":true,"href":"https:\/\/convergences.snasub.fr\/index.php\/wp-json\/wp\/v2\/post_folder?post=1059"}],"curies":[{"name":"wp","href":"https:\/\/api.w.org\/{rel}","templated":true}]}}