{"id":1048,"date":"2025-03-27T10:23:07","date_gmt":"2025-03-27T09:23:07","guid":{"rendered":"https:\/\/convergences.snasub.fr\/?p=1048"},"modified":"2025-03-27T10:23:07","modified_gmt":"2025-03-27T09:23:07","slug":"le-25-fevrier-une-belle-mobilisation-pour-le-maintien-des-acquis-sur-lartt-a-france-education-international","status":"publish","type":"post","link":"https:\/\/convergences.snasub.fr\/index.php\/2025\/03\/27\/le-25-fevrier-une-belle-mobilisation-pour-le-maintien-des-acquis-sur-lartt-a-france-education-international\/","title":{"rendered":"Le 25 f\u00e9vrier, une belle mobilisation pour le maintien des acquis sur l\u2019ARTT \u00e0 France \u00e9ducation international"},"content":{"rendered":"\n<pre class=\"wp-block-verse\">Op\u00e9rateur peu connu, France \u00c9ducation international est pourtant un des cinq op\u00e9rateurs de l\u2019\u00c9ducation nationale au m\u00eame titre que l\u2019ONISEP, le CNED, Canop\u00e9 ou le CEREQ. \u00c0 l\u2019instar des autres organismes cit\u00e9s, FEI est somm\u00e9 de se mettre en \u00ab\u00a0conformit\u00e9\u00a0\u00bb avec la r\u00e9glementation des 1607 heures.<\/pre>\n\n\n\n<p>Le dialogue social initi\u00e9 en 2022 sur ce sujet a finalement abouti \u00e0 un projet soumis aux repr\u00e9sentants du personnel le 21\u00a0janvier 2025, lequel avait \u00e9t\u00e9 pr\u00e9c\u00e9demment valid\u00e9 en juin 2024 par les tutelles et la direction de FEI. Elle n\u2019a finalement laiss\u00e9 que 2\u00a0semaines aux repr\u00e9sentants pour prendre connaissance du projet avant d\u2019\u00e9mettre un avis en CSA.<\/p>\n\n\n\n<h2 class=\"wp-block-heading\">Ce que propose la direction de FEI<\/h2>\n\n\n\n<p>Une \u00ab\u2009annexe au r\u00e8glement int\u00e9rieur portant sur l\u2019am\u00e9nagement et l\u2019organisation du temps de travail\u2009\u00bb, a donc \u00e9t\u00e9 soumise au CSA du 6\u00a0f\u00e9vrier 2025, auquel les repr\u00e9sentants du personnel ont d\u00e9cid\u00e9 de ne pas si\u00e9ger. Ce document remet en cause des usages et pratiques \u00e9tablis depuis de nombreuses ann\u00e9es \u00e0 FEI tels que l\u2019organisation du temps de travail sur 4,5\u00a0jours en vigueur depuis plusieurs d\u00e9cennies.<\/p>\n\n\n\n<p>Il s\u2019accompagne de mesures profond\u00e9ment p\u00e9nalisantes pour les agent-es et gravement pr\u00e9judiciables pour l\u2019attractivit\u00e9 de l\u2019\u00e9tablissement\u00a0: application du calcul le plus d\u00e9favorable entra\u00eenant la perte d\u2019un grand nombre de jours de cong\u00e9s, alors que ceux-ci sont consid\u00e9r\u00e9s comme une compensation des salaires tr\u00e8s faibles au regard de l\u2019expertise des m\u00e9tiers\u2009; perte d\u2019une demi-journ\u00e9e non travaill\u00e9e\u2009; mise en place d\u2019un syst\u00e8me de pointage extr\u00eamement contraignant et contraire \u00e0 l\u2019esprit d\u2019autonomie et de confiance de l\u2019\u00e9tablissement, suppression de la pause de 20\u00a0min, anticipant des mesures pr\u00e9conis\u00e9es par la Cour des comptes, sans que cela ne s\u2019appuie sur aucun texte en vigueur.<\/p>\n\n\n\n<p>Pr\u00e9sent\u00e9e comme une obligation r\u00e9glementaire, cette r\u00e9forme consiste en r\u00e9alit\u00e9 \u00e0 enfermer l\u2019\u00e9tablissement dans un carcan juridique et menace tr\u00e8s s\u00e9rieusement la souplesse qui garantit son bon fonctionnement, ses r\u00e9sultats exceptionnels, le niveau de son autofinancement et le bien-\u00eatre au travail des agent-es.<\/p>\n\n\n\n<p>En parall\u00e8le, il existe une v\u00e9ritable inqui\u00e9tude de la part des agent-es quant \u00e0 la remise en cause des modalit\u00e9s du t\u00e9l\u00e9travail. Jusqu\u2019\u00e0 aujourd\u2019hui, chaque agent-e dont le poste est \u00e9ligible peut t\u00e9l\u00e9travailler jusqu\u2019\u00e0 2,5\u00a0jours par semaine et assurer une pr\u00e9sence sur site les 2\u00a0autres jours, comme permis par l\u2019accord-cadre de notre minist\u00e8re. Les repr\u00e9sentants du personnel ont fait deux sondages aupr\u00e8s du personnel qui r\u00e9v\u00e8lent leur attachement et les bienfaits au t\u00e9l\u00e9travail.<\/p>\n\n\n\n<p>Face \u00e0 cette perte au niveau du temps de travail, la direction laisse miroiter une revalorisation salariale (de quel type\u2009? CIA, prime d\u2019int\u00e9ressement, quelle \u00e9galit\u00e9 entre les contractuels, CDI et fonctionnaires\u2009?).<\/p>\n\n\n\n<p>Les agent-es de FEI ont pris collectivement la d\u00e9cision de se mobiliser le mardi\u00a025\u00a0f\u00e9vrier 2025 lors d\u2019une journ\u00e9e de gr\u00e8ve, pour faire entendre leur voix, manifester leur opposition \u00e0 cette r\u00e9forme telle qu\u2019est est impos\u00e9e et demander l\u2019ouverture d\u2019une n\u00e9gociation collective. Premi\u00e8re dans l\u2019histoire de France \u00c9ducation international, la gr\u00e8ve a \u00e9t\u00e9 soutenue par environ 35\u00a0% des coll\u00e8gues, ce qui repr\u00e9sente un vrai succ\u00e8s.<\/p>\n\n\n\n<p>De facto les repr\u00e9sentants du personnel n\u2019ont pas si\u00e9g\u00e9 \u00e0 la deuxi\u00e8me session du CSA report\u00e9 et la direction a renonc\u00e9 \u00e0 pr\u00e9senter le projet d\u2019ARTT le 13\u00a0mars prochain en conseil d\u2019administration, comme pr\u00e9vu initialement.<\/p>\n\n\n\n<p>Esp\u00e9rons que ce d\u00e9lai laissera la possibilit\u00e9 d\u2019ouvrir le dialogue social.<\/p>\n\n\n\n<figure class=\"wp-block-image size-full is-style-default\"><img loading=\"lazy\" decoding=\"async\" width=\"960\" height=\"720\" src=\"https:\/\/convergences.snasub.fr\/wp-content\/uploads\/2025\/03\/960px-Ancienne_Manufacture_Nationale_Sevres_-_Sevres_FR92_-_2021-02-21_-_2.jpg\" alt=\"FEI a depuis sa cr\u00e9ation son si\u00e8ge \u00e0 S\u00e8vres, dans l'ancienne manufacture royale de porcelaine de S\u00e8vres\" class=\"wp-image-1049\" srcset=\"https:\/\/convergences.snasub.fr\/wp-content\/uploads\/2025\/03\/960px-Ancienne_Manufacture_Nationale_Sevres_-_Sevres_FR92_-_2021-02-21_-_2.jpg 960w, https:\/\/convergences.snasub.fr\/wp-content\/uploads\/2025\/03\/960px-Ancienne_Manufacture_Nationale_Sevres_-_Sevres_FR92_-_2021-02-21_-_2-300x225.jpg 300w, https:\/\/convergences.snasub.fr\/wp-content\/uploads\/2025\/03\/960px-Ancienne_Manufacture_Nationale_Sevres_-_Sevres_FR92_-_2021-02-21_-_2-768x576.jpg 768w\" sizes=\"auto, (max-width: 960px) 100vw, 960px\" \/><figcaption class=\"wp-element-caption\"><a href=\"https:\/\/commons.wikimedia.org\/wiki\/File:Ancienne_Manufacture_Nationale_S%C3%A8vres_-_S%C3%A8vres_(FR92)_-_2021-02-21_-_2.jpg#\/media\/Fichier:Ancienne_Manufacture_Nationale_S%C3%A8vres_-_S%C3%A8vres_(FR92)_-_2021-02-21_-_2.jpg\"><\/a><br>Par <a href=\"\/\/commons.wikimedia.org\/wiki\/User:Chabe01\">Chabe01<\/a> \u2014 Travail personnel, <a href=\"https:\/\/creativecommons.org\/licenses\/by-sa\/4.0\">CC BY-SA 4.0<\/a>, <a href=\"https:\/\/commons.wikimedia.org\/w\/index.php?curid=100184391\">Lien<\/a><\/figcaption><\/figure>\n\n\n\n<p><\/p>\n<div class=\"seriesmeta\">Cet article est la rubrique 8 sur 10 du Convergences <a href=\"https:\/\/convergences.snasub.fr\/index.php\/series\/n-305-mars-2025\/\" class=\"series-85\" title=\"N\u00b0 305 \u2013 Mars 2025\">N\u00b0 305 \u2013 Mars 2025<\/a><\/div>  <br>","protected":false},"excerpt":{"rendered":"<p>Op\u00e9rateur peu connu, France \u00c9ducation international est pourtant un des cinq op\u00e9rateurs de l\u2019\u00c9ducation nationale au m\u00eame titre que l\u2019ONISEP, le CNED, Canop\u00e9 ou le CEREQ. \u00c0 l\u2019instar des autres organismes cit\u00e9s, FEI est somm\u00e9 de se mettre en \u00ab\u00a0conformit\u00e9\u00a0\u00bb avec la r\u00e9glementation des 1607 heures. Le dialogue social initi\u00e9 en 2022 sur ce sujet [&hellip;]<\/p>\n<div class=\"seriesmeta\">Cet article est la rubrique 8 de 10 du Convergences <a href=\"https:\/\/convergences.snasub.fr\/index.php\/series\/n-305-mars-2025\/\" class=\"series-85\" title=\"N\u00b0 305 \u2013 Mars 2025\">N\u00b0 305 \u2013 Mars 2025<\/a><\/div>  <br>","protected":false},"author":1,"featured_media":0,"comment_status":"closed","ping_status":"open","sticky":false,"template":"","format":"standard","meta":{"ocean_post_layout":"","ocean_both_sidebars_style":"","ocean_both_sidebars_content_width":0,"ocean_both_sidebars_sidebars_width":0,"ocean_sidebar":"","ocean_second_sidebar":"","ocean_disable_margins":"enable","ocean_add_body_class":"","ocean_shortcode_before_top_bar":"","ocean_shortcode_after_top_bar":"","ocean_shortcode_before_header":"","ocean_shortcode_after_header":"","ocean_has_shortcode":"","ocean_shortcode_after_title":"","ocean_shortcode_before_footer_widgets":"","ocean_shortcode_after_footer_widgets":"","ocean_shortcode_before_footer_bottom":"","ocean_shortcode_after_footer_bottom":"","ocean_display_top_bar":"default","ocean_display_header":"default","ocean_header_style":"","ocean_center_header_left_menu":"","ocean_custom_header_template":"","ocean_custom_logo":0,"ocean_custom_retina_logo":0,"ocean_custom_logo_max_width":0,"ocean_custom_logo_tablet_max_width":0,"ocean_custom_logo_mobile_max_width":0,"ocean_custom_logo_max_height":0,"ocean_custom_logo_tablet_max_height":0,"ocean_custom_logo_mobile_max_height":0,"ocean_header_custom_menu":"","ocean_menu_typo_font_family":"","ocean_menu_typo_font_subset":"","ocean_menu_typo_font_size":0,"ocean_menu_typo_font_size_tablet":0,"ocean_menu_typo_font_size_mobile":0,"ocean_menu_typo_font_size_unit":"px","ocean_menu_typo_font_weight":"","ocean_menu_typo_font_weight_tablet":"","ocean_menu_typo_font_weight_mobile":"","ocean_menu_typo_transform":"","ocean_menu_typo_transform_tablet":"","ocean_menu_typo_transform_mobile":"","ocean_menu_typo_line_height":0,"ocean_menu_typo_line_height_tablet":0,"ocean_menu_typo_line_height_mobile":0,"ocean_menu_typo_line_height_unit":"","ocean_menu_typo_spacing":0,"ocean_menu_typo_spacing_tablet":0,"ocean_menu_typo_spacing_mobile":0,"ocean_menu_typo_spacing_unit":"","ocean_menu_link_color":"","ocean_menu_link_color_hover":"","ocean_menu_link_color_active":"","ocean_menu_link_background":"","ocean_menu_link_hover_background":"","ocean_menu_link_active_background":"","ocean_menu_social_links_bg":"","ocean_menu_social_hover_links_bg":"","ocean_menu_social_links_color":"","ocean_menu_social_hover_links_color":"","ocean_disable_title":"default","ocean_disable_heading":"default","ocean_post_title":"","ocean_post_subheading":"","ocean_post_title_style":"","ocean_post_title_background_color":"","ocean_post_title_background":0,"ocean_post_title_bg_image_position":"","ocean_post_title_bg_image_attachment":"","ocean_post_title_bg_image_repeat":"","ocean_post_title_bg_image_size":"","ocean_post_title_height":0,"ocean_post_title_bg_overlay":0.5,"ocean_post_title_bg_overlay_color":"","ocean_disable_breadcrumbs":"default","ocean_breadcrumbs_color":"","ocean_breadcrumbs_separator_color":"","ocean_breadcrumbs_links_color":"","ocean_breadcrumbs_links_hover_color":"","ocean_display_footer_widgets":"default","ocean_display_footer_bottom":"default","ocean_custom_footer_template":"","ocean_post_oembed":"","ocean_post_self_hosted_media":"","ocean_post_video_embed":"","ocean_link_format":"","ocean_link_format_target":"self","ocean_quote_format":"","ocean_quote_format_link":"post","ocean_gallery_link_images":"on","ocean_gallery_id":[],"footnotes":""},"categories":[86,9],"tags":[96],"series":[85],"post_folder":[],"class_list":["post-1048","post","type-post","status-publish","format-standard","hentry","category-305-mars-2025","category-secteur-services","tag-france-education-international","series-n-305-mars-2025","entry"],"_links":{"self":[{"href":"https:\/\/convergences.snasub.fr\/index.php\/wp-json\/wp\/v2\/posts\/1048","targetHints":{"allow":["GET"]}}],"collection":[{"href":"https:\/\/convergences.snasub.fr\/index.php\/wp-json\/wp\/v2\/posts"}],"about":[{"href":"https:\/\/convergences.snasub.fr\/index.php\/wp-json\/wp\/v2\/types\/post"}],"author":[{"embeddable":true,"href":"https:\/\/convergences.snasub.fr\/index.php\/wp-json\/wp\/v2\/users\/1"}],"replies":[{"embeddable":true,"href":"https:\/\/convergences.snasub.fr\/index.php\/wp-json\/wp\/v2\/comments?post=1048"}],"version-history":[{"count":1,"href":"https:\/\/convergences.snasub.fr\/index.php\/wp-json\/wp\/v2\/posts\/1048\/revisions"}],"predecessor-version":[{"id":1050,"href":"https:\/\/convergences.snasub.fr\/index.php\/wp-json\/wp\/v2\/posts\/1048\/revisions\/1050"}],"wp:attachment":[{"href":"https:\/\/convergences.snasub.fr\/index.php\/wp-json\/wp\/v2\/media?parent=1048"}],"wp:term":[{"taxonomy":"category","embeddable":true,"href":"https:\/\/convergences.snasub.fr\/index.php\/wp-json\/wp\/v2\/categories?post=1048"},{"taxonomy":"post_tag","embeddable":true,"href":"https:\/\/convergences.snasub.fr\/index.php\/wp-json\/wp\/v2\/tags?post=1048"},{"taxonomy":"series","embeddable":true,"href":"https:\/\/convergences.snasub.fr\/index.php\/wp-json\/wp\/v2\/series?post=1048"},{"taxonomy":"post_folder","embeddable":true,"href":"https:\/\/convergences.snasub.fr\/index.php\/wp-json\/wp\/v2\/post_folder?post=1048"}],"curies":[{"name":"wp","href":"https:\/\/api.w.org\/{rel}","templated":true}]}}