{"id":1027,"date":"2025-03-27T10:23:07","date_gmt":"2025-03-27T09:23:07","guid":{"rendered":"https:\/\/convergences.snasub.fr\/?p=1027"},"modified":"2025-03-27T10:23:07","modified_gmt":"2025-03-27T09:23:07","slug":"un-point-sur-le-rapprochement-cgt-fsu","status":"publish","type":"post","link":"https:\/\/convergences.snasub.fr\/index.php\/2025\/03\/27\/un-point-sur-le-rapprochement-cgt-fsu\/","title":{"rendered":"Un point sur le rapprochement CGT-FSU"},"content":{"rendered":"\n<pre class=\"wp-block-verse\">Depuis l\u2019\u00e9t\u00e9 2023, la FSU et la CGT se rencontrent r\u00e9guli\u00e8rement pour discuter d\u2019un rapprochement de leurs organisations. Cela se traduit notamment par la tenue de groupes de travail r\u00e9guli\u00e8re, dont la plus r\u00e9cente a eu lieu le 13 f\u00e9vrier dernier pr\u00e9sentant le mandat f\u00e9d\u00e9ral adopt\u00e9 au dernier congr\u00e8s (voir encadr\u00e9 ci-dessous).<\/pre>\n\n\n\n<p>Le SNASUB-FSU est particuli\u00e8rement attentif \u00e0 cette dynamique de regroupement. On rappelle que les statuts de notre organisation stipulent, article 4\u00a0: \u00ab\u2026 le SNASUB, avec sa f\u00e9d\u00e9ration, travaille \u00e0 la r\u00e9unification du mouvement syndical dans une centrale organis\u00e9e d\u00e9mocratiquement et ind\u00e9pendante de tous les gouvernements et de toutes les organisations politiques, philosophiques ou religieuses.\u00a0\u00bb. Encore, lors de son congr\u00e8s de mai 2024, notre syndicat adoptait une motion rappelant ce cap et emboitait le pas avec les d\u00e9marches de notre f\u00e9d\u00e9ration. Loin d\u2019en faire une affaire d\u2019appareil, nous rappelions que \u00ab\u00a0Ces discussions doivent atteindre\u00a0l\u2019ensemble des adh\u00e9rents\u00a0de notre syndicat et de notre f\u00e9d\u00e9ration afin que chaque\u00a0membre puisse prendre connaissance des d\u00e9bats, des enjeux et s\u2019exprimer sur la forme \u00e0 laquelle doit aboutir ce rapprochement.\u00a0\u00bb<\/p>\n\n\n\n<p>Pour la plus grande transparence des adh\u00e9rents, nous reproduisons ci-dessous de tr\u00e8s larges extraits du mandat de la FSU.<\/p>\n\n\n\n<hr class=\"wp-block-separator has-alpha-channel-opacity is-style-wide\"\/>\n\n\n\n<h2 class=\"wp-block-heading\">Mandat du congr\u00e8s de la FSU (Rennes, 3-7 f\u00e9vrier 2025)<\/h2>\n\n\n\n<h2 class=\"wp-block-heading\">\u00ab\u00a0Le nouvel outil syndical\u00a0\u00bb<\/h2>\n\n\n\n<p>[\u2026] la FSU confirme ses mandats pr\u00e9c\u00e9dents : avancer vers l\u2019unification syndicale en refondant le syndicalisme de luttes et de transformation sociale avec la CGT et Solidaires, sans exclusive des forces qui seraient int\u00e9ress\u00e9es, en construisant ensemble des \u00e9tapes allant dans le sens de la cr\u00e9ation d\u2019un nouvel outil syndical. Sur ce dernier point, pour la FSU, ce travail engag\u00e9 avec uniquement la CGT, seule organisation se montrant disponible \u00e0 ce stade, doit s\u2019ouvrir \u00e0 Solidaires, une fois men\u00e9 son propre d\u00e9bat interne sur \u00ab l\u2019\u00e9volution du syndicalisme \u00bb, comme \u00e0 d\u2019autres structures syndicales int\u00e9ress\u00e9es par la d\u00e9marche.<\/p>\n\n\n\n<p>[\u2026] Le processus de construction d\u2019un nouvel outil syndical de transformation sociale ne peut se faire que progressivement, sur la base d\u2019accords partag\u00e9s. Si la question structurelle et organisationnelle de ce nouvel outil syndical va n\u00e9cessairement se poser, elle ne pourra d\u00e9boucher sur une quelconque absorption\/fusion avec la CGT. Elle devra surmonter les difficult\u00e9s de concurrence syndicale au sein de certains secteurs professionnels afin de pr\u00e9server l\u2019unit\u00e9 de chacune des deux organisations et de ne pas fragiliser leurs syndicats. L\u2019existence de cultures syndicales parfois \u00e9loign\u00e9es doit faire l\u2019objet d\u2019un travail et d\u2019une r\u00e9flexion pour cr\u00e9er du commun.<\/p>\n\n\n\n<p>[\u2026] Ce travail en commun fructueux avec la CGT est un moyen de se projeter sur la concr\u00e9tisation d\u2019un processus de refondation du syndicalisme de transformation sociale. Ce processus est encore balbutiant. Mais il peut d\u00e9j\u00e0 servir de p\u00f4le d\u2019attraction pour permettre \u00e0 d\u2019autres organisations, notamment Solidaires, de s\u2019y engager. La FSU pose au pr\u00e9alable quelques \u00e9l\u00e9ments incontournables : cette d\u00e9marche ne pourra d\u00e9boucher sur une quelconque absorption de la FSU dans une structure existante. L\u2019unit\u00e9, les forces et la sp\u00e9cificit\u00e9 de la FSU (dont le fonctionnement pluraliste) doivent \u00eatre pr\u00e9serv\u00e9es. Les syndiqu\u00e9\u00b7es seront associ\u00e9\u00b7es largement \u00e0 cette d\u00e9marche : cela passe par des points d\u2019informations r\u00e9guliers. Si la question structurelle et organisationnelle d\u2019un nouvel outil syndical se pose, les syndicats nationaux consulteront leurs syndiqu\u00e9\u00b7es. Chacune des structures composant cette \u00ab maison commune \u00bb conservera totalement son ind\u00e9pendance et son fonctionnement propre.<\/p>\n\n\n\n<p>Dans la perspective de la construction d\u2019un nouvel outil syndical, a \u00e9merg\u00e9 l\u2019id\u00e9e de la mise en place d\u2019une \u00ab maison commune du syndicalisme de lutte et de transformation sociale \u00bb \u00e0 construire avec souplesse en fonction des secteurs et en s\u2019appuyant sur le contexte local, au plus pr\u00e8s du terrain qui pourra entrainer les \u00e9quipes militantes au-del\u00e0 des seules FSU et CGT. [\u2026]<\/p>\n\n\n\n<p>Des listes communes aux \u00e9lections professionnelles, lorsqu\u2019elles apparaissent pertinentes selon les secteurs et les r\u00e9alit\u00e9s locales sont alors l\u2019aboutissement d\u2019un travail commun et non un pr\u00e9alable. [\u2026]<\/p>\n\n\n\n<p>La \u00ab maison commune \u00bb s\u2019inscrit dans le cadre du mandat historique de la FSU comme une \u00e9tape de la construction d\u2019un nouvel outil syndical \u00e0 imaginer ensemble, avec deux partenaires identifi\u00e9s, la CGT et Solidaires, tout en \u00e9tant ouvert \u00e0 d\u2019autres. Cette dynamique permettra de constituer un souffle pour l\u2019ensemble du salariat et d\u2019\u00e9largir le champ du syndicalisme de lutte et de transformation sociale.<\/p>\n\n\n\n<hr class=\"wp-block-separator has-alpha-channel-opacity is-style-wide\"\/>\n\n\n\n<p><\/p>\n<div class=\"seriesmeta\">Cet article est la rubrique 4 sur 10 du Convergences <a href=\"https:\/\/convergences.snasub.fr\/index.php\/series\/n-305-mars-2025\/\" class=\"series-85\" title=\"N\u00b0 305 \u2013 Mars 2025\">N\u00b0 305 \u2013 Mars 2025<\/a><\/div>  <br>","protected":false},"excerpt":{"rendered":"<p>Depuis l\u2019\u00e9t\u00e9 2023, la FSU et la CGT se rencontrent r\u00e9guli\u00e8rement pour discuter d\u2019un rapprochement de leurs organisations. Cela se traduit notamment par la tenue de groupes de travail r\u00e9guli\u00e8re, dont la plus r\u00e9cente a eu lieu le 13 f\u00e9vrier dernier pr\u00e9sentant le mandat f\u00e9d\u00e9ral adopt\u00e9 au dernier congr\u00e8s (voir encadr\u00e9 ci-dessous). Le SNASUB-FSU est [&hellip;]<\/p>\n<div class=\"seriesmeta\">Cet article est la rubrique 4 de 10 du Convergences <a href=\"https:\/\/convergences.snasub.fr\/index.php\/series\/n-305-mars-2025\/\" class=\"series-85\" title=\"N\u00b0 305 \u2013 Mars 2025\">N\u00b0 305 \u2013 Mars 2025<\/a><\/div>  <br>","protected":false},"author":1,"featured_media":0,"comment_status":"closed","ping_status":"open","sticky":false,"template":"","format":"standard","meta":{"ocean_post_layout":"","ocean_both_sidebars_style":"","ocean_both_sidebars_content_width":0,"ocean_both_sidebars_sidebars_width":0,"ocean_sidebar":"","ocean_second_sidebar":"","ocean_disable_margins":"enable","ocean_add_body_class":"","ocean_shortcode_before_top_bar":"","ocean_shortcode_after_top_bar":"","ocean_shortcode_before_header":"","ocean_shortcode_after_header":"","ocean_has_shortcode":"","ocean_shortcode_after_title":"","ocean_shortcode_before_footer_widgets":"","ocean_shortcode_after_footer_widgets":"","ocean_shortcode_before_footer_bottom":"","ocean_shortcode_after_footer_bottom":"","ocean_display_top_bar":"default","ocean_display_header":"default","ocean_header_style":"","ocean_center_header_left_menu":"","ocean_custom_header_template":"","ocean_custom_logo":0,"ocean_custom_retina_logo":0,"ocean_custom_logo_max_width":0,"ocean_custom_logo_tablet_max_width":0,"ocean_custom_logo_mobile_max_width":0,"ocean_custom_logo_max_height":0,"ocean_custom_logo_tablet_max_height":0,"ocean_custom_logo_mobile_max_height":0,"ocean_header_custom_menu":"","ocean_menu_typo_font_family":"","ocean_menu_typo_font_subset":"","ocean_menu_typo_font_size":0,"ocean_menu_typo_font_size_tablet":0,"ocean_menu_typo_font_size_mobile":0,"ocean_menu_typo_font_size_unit":"px","ocean_menu_typo_font_weight":"","ocean_menu_typo_font_weight_tablet":"","ocean_menu_typo_font_weight_mobile":"","ocean_menu_typo_transform":"","ocean_menu_typo_transform_tablet":"","ocean_menu_typo_transform_mobile":"","ocean_menu_typo_line_height":0,"ocean_menu_typo_line_height_tablet":0,"ocean_menu_typo_line_height_mobile":0,"ocean_menu_typo_line_height_unit":"","ocean_menu_typo_spacing":0,"ocean_menu_typo_spacing_tablet":0,"ocean_menu_typo_spacing_mobile":0,"ocean_menu_typo_spacing_unit":"","ocean_menu_link_color":"","ocean_menu_link_color_hover":"","ocean_menu_link_color_active":"","ocean_menu_link_background":"","ocean_menu_link_hover_background":"","ocean_menu_link_active_background":"","ocean_menu_social_links_bg":"","ocean_menu_social_hover_links_bg":"","ocean_menu_social_links_color":"","ocean_menu_social_hover_links_color":"","ocean_disable_title":"default","ocean_disable_heading":"default","ocean_post_title":"","ocean_post_subheading":"","ocean_post_title_style":"","ocean_post_title_background_color":"","ocean_post_title_background":0,"ocean_post_title_bg_image_position":"","ocean_post_title_bg_image_attachment":"","ocean_post_title_bg_image_repeat":"","ocean_post_title_bg_image_size":"","ocean_post_title_height":0,"ocean_post_title_bg_overlay":0.5,"ocean_post_title_bg_overlay_color":"","ocean_disable_breadcrumbs":"default","ocean_breadcrumbs_color":"","ocean_breadcrumbs_separator_color":"","ocean_breadcrumbs_links_color":"","ocean_breadcrumbs_links_hover_color":"","ocean_display_footer_widgets":"default","ocean_display_footer_bottom":"default","ocean_custom_footer_template":"","ocean_post_oembed":"","ocean_post_self_hosted_media":"","ocean_post_video_embed":"","ocean_link_format":"","ocean_link_format_target":"self","ocean_quote_format":"","ocean_quote_format_link":"post","ocean_gallery_link_images":"on","ocean_gallery_id":[],"footnotes":""},"categories":[86,3],"tags":[89],"series":[85],"post_folder":[],"class_list":["post-1027","post","type-post","status-publish","format-standard","hentry","category-305-mars-2025","category-actualites","tag-cgt-fsu","series-n-305-mars-2025","entry"],"_links":{"self":[{"href":"https:\/\/convergences.snasub.fr\/index.php\/wp-json\/wp\/v2\/posts\/1027","targetHints":{"allow":["GET"]}}],"collection":[{"href":"https:\/\/convergences.snasub.fr\/index.php\/wp-json\/wp\/v2\/posts"}],"about":[{"href":"https:\/\/convergences.snasub.fr\/index.php\/wp-json\/wp\/v2\/types\/post"}],"author":[{"embeddable":true,"href":"https:\/\/convergences.snasub.fr\/index.php\/wp-json\/wp\/v2\/users\/1"}],"replies":[{"embeddable":true,"href":"https:\/\/convergences.snasub.fr\/index.php\/wp-json\/wp\/v2\/comments?post=1027"}],"version-history":[{"count":1,"href":"https:\/\/convergences.snasub.fr\/index.php\/wp-json\/wp\/v2\/posts\/1027\/revisions"}],"predecessor-version":[{"id":1028,"href":"https:\/\/convergences.snasub.fr\/index.php\/wp-json\/wp\/v2\/posts\/1027\/revisions\/1028"}],"wp:attachment":[{"href":"https:\/\/convergences.snasub.fr\/index.php\/wp-json\/wp\/v2\/media?parent=1027"}],"wp:term":[{"taxonomy":"category","embeddable":true,"href":"https:\/\/convergences.snasub.fr\/index.php\/wp-json\/wp\/v2\/categories?post=1027"},{"taxonomy":"post_tag","embeddable":true,"href":"https:\/\/convergences.snasub.fr\/index.php\/wp-json\/wp\/v2\/tags?post=1027"},{"taxonomy":"series","embeddable":true,"href":"https:\/\/convergences.snasub.fr\/index.php\/wp-json\/wp\/v2\/series?post=1027"},{"taxonomy":"post_folder","embeddable":true,"href":"https:\/\/convergences.snasub.fr\/index.php\/wp-json\/wp\/v2\/post_folder?post=1027"}],"curies":[{"name":"wp","href":"https:\/\/api.w.org\/{rel}","templated":true}]}}